{"id":112219,"date":"2019-08-28T07:55:32","date_gmt":"2019-08-28T10:55:32","guid":{"rendered":"http:\/\/www.caririemacao.com\/1\/?p=112219"},"modified":"2019-08-28T07:55:32","modified_gmt":"2019-08-28T10:55:32","slug":"relatorio-da-previdencia-suprime-bpc-e-aposentadorias-especiais","status":"publish","type":"post","link":"https:\/\/www.caririemacao.com\/1\/2019\/08\/28\/relatorio-da-previdencia-suprime-bpc-e-aposentadorias-especiais\/","title":{"rendered":"Relat\u00f3rio da Previd\u00eancia suprime BPC e aposentadorias especiais"},"content":{"rendered":"\n<p>O relator da reforma da Previd\u00eancia, senador Tasso Jeireissati (PSDB-CE), entregou nesta ter\u00e7a-feira (27) seu parecer sobre a proposta que ser\u00e1 apreciada na Comiss\u00e3o de Constitui\u00e7\u00e3o e Justi\u00e7a (CCJ) do Senado. Apesar do parecer favor\u00e1vel ao texto aprovado pelos deputados, o tucano decidiu suprimir do texto dois temas pol\u00eamicos: o Benef\u00edcio de Presta\u00e7\u00e3o Continuada (BPC) e as regras para aposentadorias especiais.&nbsp;<\/p>\n\n\n\n<p>Tasso garante que a supress\u00e3o dos pontos n\u00e3o implica em altera\u00e7\u00e3o de m\u00e9rito, o que obrigaria o texto a nova an\u00e1lise dos deputados. Para o senador, se as supress\u00f5es forem acatadas pelo plen\u00e1rio da Casa, a reforma poder\u00e1 ser promulgada.<\/p>\n\n\n\n<p><strong>LEIA MAIS<\/strong>:&nbsp;<a href=\"https:\/\/www.clickpb.com.br\/economia\/relator-diz-que-economia-com-reforma-da-previdencia-sobe-para-r-1-trilhao-266655.html\">Relator diz que economia com a reforma da Previd\u00eancia sobe para R$ 1 trilh\u00e3o<\/a><br><\/p>\n\n\n\n<p><strong>PEC paralela<\/strong><br><\/p>\n\n\n\n<p>O relator confirmou que pontos que n\u00e3o entraram na proposta j\u00e1 aprovada pela C\u00e2mara estar\u00e3o contempladas em uma Proposta de Emenda \u00e0 Constitui\u00e7\u00e3o (PEC) paralela. Nesse texto, al\u00e9m da defini\u00e7\u00e3o de regras para aposentadorias de servidores de estados e munic\u00edpios, a ideia \u00e9 trazer novidades.&nbsp;<\/p>\n\n\n\n<p>\u201cVamos colocar pra discuss\u00e3o na CCJ e no plen\u00e1rio pontos que v\u00e3o elevar de uma maneira relevante a receita como a contribui\u00e7\u00e3o previdenci\u00e1ria de entidades filantr\u00f3picas\u201d, disse Tasso. A exce\u00e7\u00e3o, nesse caso, seriam as Santas Casas e as entidades de Assist\u00eancia Social, que cobram dos seus usu\u00e1rios e n\u00e3o contribuem para Previd\u00eancia. O relator acrescentou que tamb\u00e9m ser\u00e1 rediscutida na PEC Paralela a contribui\u00e7\u00e3o para agroexportador.&nbsp;<\/p>\n\n\n\n<p>Essas duas receitas passariam a ser cobradas gradativamente em cinco anos, segundo o senador.&nbsp; \u201cEstamos fazendo isso porque n\u00e3o achamos justo e nem correto, por exemplo, institui\u00e7\u00f5es filantr\u00f3picas ricas, riqu\u00edssimas, que cobram alto dos seus funcion\u00e1rios, n\u00e3o contribuam do lado patronal para a Previd\u00eancia Social, ficando isso ao encargo do subs\u00eddio dado pelo trabalhador. Quem ganha R$ 5 \u2013 R$ 10 mil est\u00e1 subsidiando essa situa\u00e7\u00e3o\u201d. Para Tasso, todas essas empresas n\u00e3o lucrativas t\u00eam a obriga\u00e7\u00e3o de pagar a Previd\u00eancia Social, que ele explica que n\u00e3o \u00e9 um imposto.<\/p>\n\n\n\n<p>Sobre a pens\u00e3o por morte, Tasso Jereissati disse que a ideia \u00e9 de que em nenhum caso o benef\u00edcio seja inferior a 1,6 sal\u00e1rio m\u00ednimo.<\/p>\n\n\n\n<p>Se aprovadas as altera\u00e7\u00f5es que vir\u00e3o por meio da PEC paralela, a expectativa de Tasso \u00e9 de que a economia para a Uni\u00e3o, descontando o que dever\u00e1 ser atenuado na quest\u00e3o social e acrescentando novas receitas, seja de cerca de R$1,350 trilh\u00e3o.<\/p>\n\n\n\n<p><strong>Cronograma<\/strong><br><\/p>\n\n\n\n<p>A expectativa da presidente da CCJ, senadora Simone Tebet (MDB-MS), \u00e9 de que o relat\u00f3rio seja lido na reuni\u00e3o do colegiado de amanh\u00e3 (28). Como pelo regimento h\u00e1 um prazo m\u00ednimo de 48 horas ap\u00f3s apresenta\u00e7\u00e3o do relat\u00f3rio para a leitura, a confirma\u00e7\u00e3o depende de um acordo entre os l\u00edderes que se reunir\u00e3o nesta ter\u00e7a-feira.&nbsp;<\/p>\n\n\n\n<p>Independentemente do acordo, Simone garante que o relat\u00f3rio ser\u00e1 lido ainda esta semana em reuni\u00e3o extraordin\u00e1ria da CCJ, que, na falta de um acordo, pode ser lido nesta quinta-feira (29) ou, no m\u00e1ximo, na sexta-feira (30).&nbsp;<\/p>\n\n\n\n<p>Feita a leitura ser\u00e1 dado prazo de uma semana para vista coletiva na CCJ. A expectativa do presidente do Senado \u00e9 de que at\u00e9 o dia 10 outubro a Casa vote a proposta em segundo turno no plen\u00e1rio.<\/p>\n","protected":false},"excerpt":{"rendered":"<p>O relator da reforma da Previd\u00eancia, senador Tasso Jeireissati (PSDB-CE), entregou nesta ter\u00e7a-feira (27) seu parecer sobre a proposta que ser\u00e1 apreciada na Comiss\u00e3o de&hellip; <\/p>\n","protected":false},"author":1,"featured_media":112220,"comment_status":"closed","ping_status":"closed","sticky":false,"template":"","format":"standard","meta":{"sfsi_plus_gutenberg_text_before_share":"","sfsi_plus_gutenberg_show_text_before_share":"","sfsi_plus_gutenberg_icon_type":"","sfsi_plus_gutenberg_icon_alignemt":"","sfsi_plus_gutenburg_max_per_row":"","footnotes":""},"categories":[2],"tags":[],"class_list":["post-112219","post","type-post","status-publish","format-standard","has-post-thumbnail","hentry","category-geral"],"_links":{"self":[{"href":"https:\/\/www.caririemacao.com\/1\/wp-json\/wp\/v2\/posts\/112219","targetHints":{"allow":["GET"]}}],"collection":[{"href":"https:\/\/www.caririemacao.com\/1\/wp-json\/wp\/v2\/posts"}],"about":[{"href":"https:\/\/www.caririemacao.com\/1\/wp-json\/wp\/v2\/types\/post"}],"author":[{"embeddable":true,"href":"https:\/\/www.caririemacao.com\/1\/wp-json\/wp\/v2\/users\/1"}],"replies":[{"embeddable":true,"href":"https:\/\/www.caririemacao.com\/1\/wp-json\/wp\/v2\/comments?post=112219"}],"version-history":[{"count":1,"href":"https:\/\/www.caririemacao.com\/1\/wp-json\/wp\/v2\/posts\/112219\/revisions"}],"predecessor-version":[{"id":112221,"href":"https:\/\/www.caririemacao.com\/1\/wp-json\/wp\/v2\/posts\/112219\/revisions\/112221"}],"wp:featuredmedia":[{"embeddable":true,"href":"https:\/\/www.caririemacao.com\/1\/wp-json\/wp\/v2\/media\/112220"}],"wp:attachment":[{"href":"https:\/\/www.caririemacao.com\/1\/wp-json\/wp\/v2\/media?parent=112219"}],"wp:term":[{"taxonomy":"category","embeddable":true,"href":"https:\/\/www.caririemacao.com\/1\/wp-json\/wp\/v2\/categories?post=112219"},{"taxonomy":"post_tag","embeddable":true,"href":"https:\/\/www.caririemacao.com\/1\/wp-json\/wp\/v2\/tags?post=112219"}],"curies":[{"name":"wp","href":"https:\/\/api.w.org\/{rel}","templated":true}]}}