{"id":112227,"date":"2019-08-28T08:01:45","date_gmt":"2019-08-28T11:01:45","guid":{"rendered":"http:\/\/www.caririemacao.com\/1\/?p=112227"},"modified":"2019-08-28T08:01:45","modified_gmt":"2019-08-28T11:01:45","slug":"porto-rico-declara-emergencia-por-aproximacao-de-tempestade","status":"publish","type":"post","link":"https:\/\/www.caririemacao.com\/1\/2019\/08\/28\/porto-rico-declara-emergencia-por-aproximacao-de-tempestade\/","title":{"rendered":"Porto Rico declara emerg\u00eancia por aproxima\u00e7\u00e3o de tempestade"},"content":{"rendered":"\n<p>A Tempestade Tropical Dorian continua a ganhar for\u00e7a e pode evoluir para furac\u00e3o \u00e0 medida que se aproxima das Cara\u00edbas. O Servi\u00e7o Nacional de Meteorologia de Porto Rico afirma que ainda n\u00e3o se sabe se \u00e9 um furac\u00e3o, mas n\u00e3o descarta essa possibilidade.<br><br>A governadora de Porto Rico, Wanda Vasquez, disse que o pa\u00eds est\u00e1 agora mais preparado para enfrentar cat\u00e1strofes naturais. A previs\u00e3o \u00e9 de o territ\u00f3rio seja atingido na noite desta quarta-feira (28).<\/p>\n\n\n\n<p>Wanda V\u00e1squez pediu que a popula\u00e7\u00e3o fique atenta e coloque em pr\u00e1tica os planos de emerg\u00eancia Acrescentou que o pa\u00eds \u00e9 resistente e j\u00e1 passou por situa\u00e7\u00f5es piores.<\/p>\n","protected":false},"excerpt":{"rendered":"<p>A Tempestade Tropical Dorian continua a ganhar for\u00e7a e pode evoluir para furac\u00e3o \u00e0 medida que se aproxima das Cara\u00edbas. O Servi\u00e7o Nacional de Meteorologia&hellip; <\/p>\n","protected":false},"author":1,"featured_media":93580,"comment_status":"closed","ping_status":"closed","sticky":false,"template":"","format":"standard","meta":{"sfsi_plus_gutenberg_text_before_share":"","sfsi_plus_gutenberg_show_text_before_share":"","sfsi_plus_gutenberg_icon_type":"","sfsi_plus_gutenberg_icon_alignemt":"","sfsi_plus_gutenburg_max_per_row":"","footnotes":""},"categories":[2],"tags":[],"class_list":["post-112227","post","type-post","status-publish","format-standard","has-post-thumbnail","hentry","category-geral"],"_links":{"self":[{"href":"https:\/\/www.caririemacao.com\/1\/wp-json\/wp\/v2\/posts\/112227","targetHints":{"allow":["GET"]}}],"collection":[{"href":"https:\/\/www.caririemacao.com\/1\/wp-json\/wp\/v2\/posts"}],"about":[{"href":"https:\/\/www.caririemacao.com\/1\/wp-json\/wp\/v2\/types\/post"}],"author":[{"embeddable":true,"href":"https:\/\/www.caririemacao.com\/1\/wp-json\/wp\/v2\/users\/1"}],"replies":[{"embeddable":true,"href":"https:\/\/www.caririemacao.com\/1\/wp-json\/wp\/v2\/comments?post=112227"}],"version-history":[{"count":1,"href":"https:\/\/www.caririemacao.com\/1\/wp-json\/wp\/v2\/posts\/112227\/revisions"}],"predecessor-version":[{"id":112228,"href":"https:\/\/www.caririemacao.com\/1\/wp-json\/wp\/v2\/posts\/112227\/revisions\/112228"}],"wp:featuredmedia":[{"embeddable":true,"href":"https:\/\/www.caririemacao.com\/1\/wp-json\/wp\/v2\/media\/93580"}],"wp:attachment":[{"href":"https:\/\/www.caririemacao.com\/1\/wp-json\/wp\/v2\/media?parent=112227"}],"wp:term":[{"taxonomy":"category","embeddable":true,"href":"https:\/\/www.caririemacao.com\/1\/wp-json\/wp\/v2\/categories?post=112227"},{"taxonomy":"post_tag","embeddable":true,"href":"https:\/\/www.caririemacao.com\/1\/wp-json\/wp\/v2\/tags?post=112227"}],"curies":[{"name":"wp","href":"https:\/\/api.w.org\/{rel}","templated":true}]}}