{"id":112237,"date":"2019-08-28T08:17:58","date_gmt":"2019-08-28T11:17:58","guid":{"rendered":"http:\/\/www.caririemacao.com\/1\/?p=112237"},"modified":"2019-08-28T08:17:58","modified_gmt":"2019-08-28T11:17:58","slug":"reprovacao-de-bolsonaro-salta-de-28-para-53-diz-pesquisa","status":"publish","type":"post","link":"https:\/\/www.caririemacao.com\/1\/2019\/08\/28\/reprovacao-de-bolsonaro-salta-de-28-para-53-diz-pesquisa\/","title":{"rendered":"Reprova\u00e7\u00e3o de Bolsonaro salta de 28% para 53%, diz pesquisa"},"content":{"rendered":"\n<p>O \u00edndice de avalia\u00e7\u00e3o negativa sobre o governo de Jair Bolsonaro (PSL) subiu de 19% em fevereiro para 39,5% em agosto, segundo pesquisa de opini\u00e3o divulgada pela CNT\/MDA, nesta segunda-feira 26.<br>O n\u00famero de pessoas que classificam o governo como \u00f3timo ou bom \u00e9 de 29,4% dos entrevistados, um n\u00famero 10% abaixo em compara\u00e7\u00e3o aos que consideram a gest\u00e3o ruim ou p\u00e9ssima. A porcentagem dos que avaliam o governo como regular \u00e9 de 29,1%.<br>O estudo tamb\u00e9m mostrou que o n\u00famero de eleitores que desaprovam o desempenho pessoal de Bolsonaro \u00e9 de 53,7%, quase o dobro dos 28% apresentados em fevereiro deste ano. O \u00edndice dos que aprovam o governo \u00e9 de 41%, 16 pontos a menos que no in\u00edcio do ano, quando o presidente da Rep\u00fablica marcou 57% de aprova\u00e7\u00e3o.<br>Para 22,4%, n\u00e3o h\u00e1 nenhuma a\u00e7\u00e3o positiva no atual governo. Apenas 6% dizem que a gest\u00e3o n\u00e3o apresenta nenhuma a\u00e7\u00e3o negativa.<br>Entre as piores a\u00e7\u00f5es do governo, elencadas pelos entrevistados, aparecem o decreto da libera\u00e7\u00e3o de posse e porte de armas (39,1%), o uso de coment\u00e1rios ofensivos (30,6%) e o contingenciamento de verbas da educa\u00e7\u00e3o (28,2%). \u201cDeixar os filhos darem opini\u00e3o sobre integrantes e a\u00e7\u00f5es de seu governo\u201d s\u00e3o uma queixa para 24,4%.<br>Por outro lado, o combate \u00e0 corrup\u00e7\u00e3o (29,6%), a seguran\u00e7a (27,5%) e o fim do hor\u00e1rio de ver\u00e3o (18,1%) s\u00e3o os principais temas em que Bolsonaro recebe aprova\u00e7\u00e3o em suas a\u00e7\u00f5es.<br>O instituto informa ainda que somente 36,6% t\u00eam expectativa de melhora na taxa de desemprego no Pa\u00eds, enquanto 32,9% acreditam que a situa\u00e7\u00e3o vai ficar igual e 28% acham que vai piorar.<br>Trabalhadores tamb\u00e9m parecem descrentes em rela\u00e7\u00e3o a aumento na renda mensal: 50% acham que vai ficar igual, enquanto 16,8% acreditam que vai diminuir e 28,3% acreditam que a renda deve subir.A pesquisa de opini\u00e3o foi realizada entre 22 e 25 de agosto, com 2.002 entrevistas, em 137 munic\u00edpios de 25 Unidades da Federa\u00e7\u00e3o.<\/p>\n","protected":false},"excerpt":{"rendered":"<p>O \u00edndice de avalia\u00e7\u00e3o negativa sobre o governo de Jair Bolsonaro (PSL) subiu de 19% em fevereiro para 39,5% em agosto, segundo pesquisa de opini\u00e3o&hellip; <\/p>\n","protected":false},"author":1,"featured_media":110902,"comment_status":"closed","ping_status":"closed","sticky":false,"template":"","format":"standard","meta":{"sfsi_plus_gutenberg_text_before_share":"","sfsi_plus_gutenberg_show_text_before_share":"","sfsi_plus_gutenberg_icon_type":"","sfsi_plus_gutenberg_icon_alignemt":"","sfsi_plus_gutenburg_max_per_row":"","footnotes":""},"categories":[11],"tags":[],"class_list":["post-112237","post","type-post","status-publish","format-standard","has-post-thumbnail","hentry","category-politica"],"_links":{"self":[{"href":"https:\/\/www.caririemacao.com\/1\/wp-json\/wp\/v2\/posts\/112237","targetHints":{"allow":["GET"]}}],"collection":[{"href":"https:\/\/www.caririemacao.com\/1\/wp-json\/wp\/v2\/posts"}],"about":[{"href":"https:\/\/www.caririemacao.com\/1\/wp-json\/wp\/v2\/types\/post"}],"author":[{"embeddable":true,"href":"https:\/\/www.caririemacao.com\/1\/wp-json\/wp\/v2\/users\/1"}],"replies":[{"embeddable":true,"href":"https:\/\/www.caririemacao.com\/1\/wp-json\/wp\/v2\/comments?post=112237"}],"version-history":[{"count":1,"href":"https:\/\/www.caririemacao.com\/1\/wp-json\/wp\/v2\/posts\/112237\/revisions"}],"predecessor-version":[{"id":112238,"href":"https:\/\/www.caririemacao.com\/1\/wp-json\/wp\/v2\/posts\/112237\/revisions\/112238"}],"wp:featuredmedia":[{"embeddable":true,"href":"https:\/\/www.caririemacao.com\/1\/wp-json\/wp\/v2\/media\/110902"}],"wp:attachment":[{"href":"https:\/\/www.caririemacao.com\/1\/wp-json\/wp\/v2\/media?parent=112237"}],"wp:term":[{"taxonomy":"category","embeddable":true,"href":"https:\/\/www.caririemacao.com\/1\/wp-json\/wp\/v2\/categories?post=112237"},{"taxonomy":"post_tag","embeddable":true,"href":"https:\/\/www.caririemacao.com\/1\/wp-json\/wp\/v2\/tags?post=112237"}],"curies":[{"name":"wp","href":"https:\/\/api.w.org\/{rel}","templated":true}]}}