{"id":112246,"date":"2019-08-28T09:00:58","date_gmt":"2019-08-28T12:00:58","guid":{"rendered":"http:\/\/www.caririemacao.com\/1\/?p=112246"},"modified":"2019-08-28T09:00:58","modified_gmt":"2019-08-28T12:00:58","slug":"petrobras-anuncia-3o-aumento-no-preco-da-gasolina-em-agosto","status":"publish","type":"post","link":"https:\/\/www.caririemacao.com\/1\/2019\/08\/28\/petrobras-anuncia-3o-aumento-no-preco-da-gasolina-em-agosto\/","title":{"rendered":"Petrobras anuncia 3\u00ba aumento no pre\u00e7o da gasolina em agosto"},"content":{"rendered":"\n<p>A Petrobras anunciou nessa ter\u00e7a-feira (27) aumento de 3,5% no pre\u00e7o da gasolina em suas refinarias. A alta acompanha a eleva\u00e7\u00e3o do petr\u00f3leo e do d\u00f3lar, que vem subindo nos \u00faltimos dias em fun\u00e7\u00e3o da guerra comercial entre Estados Unidos e China.<\/p>\n\n\n\n<p>Foi o terceiro ajuste no pre\u00e7o do combust\u00edvel em agosto. No dia 16, o valor de venda pelas refinaria da estatal foi reduzido em quase 6%, ou R$ 0,10 por litro. No primeiro dia do m\u00eas, houve aumento de 4%.<\/p>\n\n\n\n<p>Entre o \u00faltimo reajuste e essa ter\u00e7a, o d\u00f3lar subiu 3,5% em rela\u00e7\u00e3o ao real e o pre\u00e7o do petr\u00f3leo teve alta de 2,3%. A companhia ainda n\u00e3o atualizou seu site com os novos valores.<\/p>\n\n\n\n<p>Segundo comunicado aos clientes, ao qual a Folha teve acesso, o reajuste anunciado nesta ter\u00e7a equivale a R$ 0,0561 por litro e entra em vigor nesta quarta (28).&nbsp;<\/p>\n\n\n\n<p>O repasse \u00e0s bombas, por\u00e9m, depende de pol\u00edticas comerciais de postos e distribuidoras. O valor de venda pelas refinarias equivale a 30% do pre\u00e7o de bomba -o restante s\u00e3o impostos, margens e etanol.<\/p>\n\n\n\n<p>Desde 2017, a Petrobras vem acompanhando as cota\u00e7\u00f5es internacionais dos combust\u00edveis, em maior ou menor grau. A pol\u00edtica foi bastante criticada em 2018, quando a escalada do pre\u00e7o do petr\u00f3leo levou a sucessivos reajustes do diesel, culminando com a greve dos caminhoneiros que paralisou o pa\u00eds por duas semanas.<\/p>\n\n\n\n<p>O pre\u00e7o do diesel n\u00e3o foi alterado. A \u00faltima modifica\u00e7\u00e3o foi feita no dia 1\u00ba de agosto.<br>Segundo a Petrobras, os pre\u00e7os da gasolina e do diesel vendidos \u00e0s distribuidoras t\u00eam como base a paridade de importa\u00e7\u00e3o, formada pelas cota\u00e7\u00f5es internacionais mais os custos que importadores teriam, como transporte e taxas portu\u00e1rias, por exemplo, al\u00e9m de uma margem que cobre os riscos.<\/p>\n","protected":false},"excerpt":{"rendered":"<p>A Petrobras anunciou nessa ter\u00e7a-feira (27) aumento de 3,5% no pre\u00e7o da gasolina em suas refinarias. A alta acompanha a eleva\u00e7\u00e3o do petr\u00f3leo e do&hellip; <\/p>\n","protected":false},"author":1,"featured_media":112247,"comment_status":"closed","ping_status":"closed","sticky":false,"template":"","format":"standard","meta":{"sfsi_plus_gutenberg_text_before_share":"","sfsi_plus_gutenberg_show_text_before_share":"","sfsi_plus_gutenberg_icon_type":"","sfsi_plus_gutenberg_icon_alignemt":"","sfsi_plus_gutenburg_max_per_row":"","footnotes":""},"categories":[2],"tags":[],"class_list":["post-112246","post","type-post","status-publish","format-standard","has-post-thumbnail","hentry","category-geral"],"_links":{"self":[{"href":"https:\/\/www.caririemacao.com\/1\/wp-json\/wp\/v2\/posts\/112246","targetHints":{"allow":["GET"]}}],"collection":[{"href":"https:\/\/www.caririemacao.com\/1\/wp-json\/wp\/v2\/posts"}],"about":[{"href":"https:\/\/www.caririemacao.com\/1\/wp-json\/wp\/v2\/types\/post"}],"author":[{"embeddable":true,"href":"https:\/\/www.caririemacao.com\/1\/wp-json\/wp\/v2\/users\/1"}],"replies":[{"embeddable":true,"href":"https:\/\/www.caririemacao.com\/1\/wp-json\/wp\/v2\/comments?post=112246"}],"version-history":[{"count":1,"href":"https:\/\/www.caririemacao.com\/1\/wp-json\/wp\/v2\/posts\/112246\/revisions"}],"predecessor-version":[{"id":112248,"href":"https:\/\/www.caririemacao.com\/1\/wp-json\/wp\/v2\/posts\/112246\/revisions\/112248"}],"wp:featuredmedia":[{"embeddable":true,"href":"https:\/\/www.caririemacao.com\/1\/wp-json\/wp\/v2\/media\/112247"}],"wp:attachment":[{"href":"https:\/\/www.caririemacao.com\/1\/wp-json\/wp\/v2\/media?parent=112246"}],"wp:term":[{"taxonomy":"category","embeddable":true,"href":"https:\/\/www.caririemacao.com\/1\/wp-json\/wp\/v2\/categories?post=112246"},{"taxonomy":"post_tag","embeddable":true,"href":"https:\/\/www.caririemacao.com\/1\/wp-json\/wp\/v2\/tags?post=112246"}],"curies":[{"name":"wp","href":"https:\/\/api.w.org\/{rel}","templated":true}]}}