{"id":112252,"date":"2019-08-28T09:03:20","date_gmt":"2019-08-28T12:03:20","guid":{"rendered":"http:\/\/www.caririemacao.com\/1\/?p=112252"},"modified":"2019-08-28T09:03:20","modified_gmt":"2019-08-28T12:03:20","slug":"paraibana-maria-kamila-avanca-na-fase-das-batalhas-do-the-voice-brasil","status":"publish","type":"post","link":"https:\/\/www.caririemacao.com\/1\/2019\/08\/28\/paraibana-maria-kamila-avanca-na-fase-das-batalhas-do-the-voice-brasil\/","title":{"rendered":"Paraibana Maria Kamila avan\u00e7a na fase das Batalhas do The Voice Brasil"},"content":{"rendered":"\n<p>\u00a0A paraibana Maria Kamila avan\u00e7ou na fase das Batalhas no The Voice Brasil 2019, da TV Globo, na noite desta ter\u00e7a-feira (27). Kamila duelou com a candidata Helo\u00edsa do Crato, e juntas cantaram &#8220;Cora\u00e7\u00e3o Bobo&#8221; de Alceu Valen\u00e7a.<\/p>\n\n\n\n<p>A paraibana que foi escolhida por Michel Thel\u00f3 foi bastante elogiada por Lulu Santos pela sua seguran\u00e7a.<\/p>\n\n\n\n<p>Maria Kamila \u00e9 de Mamanguape na Para\u00edba, mas mora em Jo\u00e3o Pessoa. Ela \u00e9 professora de canto e \u00e9 vocalista do Grupo Os Gonzagas.<br><\/p>\n\n\n\n<p>Ela entrou&nbsp;<a href=\"https:\/\/www.clickpb.com.br\/televisao\/paraibana-maria-kamila-e-classificada-na-estreia-do-voice-brasil-264931.html\">pro time de Michel Tel\u00f3<\/a>&nbsp;ao cantar nas Audi\u00e7\u00f5es \u00e0s Cegas,&nbsp;&#8220;Feira de Mangaio&#8221;&nbsp;<\/p>\n","protected":false},"excerpt":{"rendered":"<p>\u00a0A paraibana Maria Kamila avan\u00e7ou na fase das Batalhas no The Voice Brasil 2019, da TV Globo, na noite desta ter\u00e7a-feira (27). Kamila duelou com&hellip; <\/p>\n","protected":false},"author":1,"featured_media":112253,"comment_status":"closed","ping_status":"closed","sticky":false,"template":"","format":"standard","meta":{"sfsi_plus_gutenberg_text_before_share":"","sfsi_plus_gutenberg_show_text_before_share":"","sfsi_plus_gutenberg_icon_type":"","sfsi_plus_gutenberg_icon_alignemt":"","sfsi_plus_gutenburg_max_per_row":"","footnotes":""},"categories":[2],"tags":[],"class_list":["post-112252","post","type-post","status-publish","format-standard","has-post-thumbnail","hentry","category-geral"],"_links":{"self":[{"href":"https:\/\/www.caririemacao.com\/1\/wp-json\/wp\/v2\/posts\/112252","targetHints":{"allow":["GET"]}}],"collection":[{"href":"https:\/\/www.caririemacao.com\/1\/wp-json\/wp\/v2\/posts"}],"about":[{"href":"https:\/\/www.caririemacao.com\/1\/wp-json\/wp\/v2\/types\/post"}],"author":[{"embeddable":true,"href":"https:\/\/www.caririemacao.com\/1\/wp-json\/wp\/v2\/users\/1"}],"replies":[{"embeddable":true,"href":"https:\/\/www.caririemacao.com\/1\/wp-json\/wp\/v2\/comments?post=112252"}],"version-history":[{"count":1,"href":"https:\/\/www.caririemacao.com\/1\/wp-json\/wp\/v2\/posts\/112252\/revisions"}],"predecessor-version":[{"id":112254,"href":"https:\/\/www.caririemacao.com\/1\/wp-json\/wp\/v2\/posts\/112252\/revisions\/112254"}],"wp:featuredmedia":[{"embeddable":true,"href":"https:\/\/www.caririemacao.com\/1\/wp-json\/wp\/v2\/media\/112253"}],"wp:attachment":[{"href":"https:\/\/www.caririemacao.com\/1\/wp-json\/wp\/v2\/media?parent=112252"}],"wp:term":[{"taxonomy":"category","embeddable":true,"href":"https:\/\/www.caririemacao.com\/1\/wp-json\/wp\/v2\/categories?post=112252"},{"taxonomy":"post_tag","embeddable":true,"href":"https:\/\/www.caririemacao.com\/1\/wp-json\/wp\/v2\/tags?post=112252"}],"curies":[{"name":"wp","href":"https:\/\/api.w.org\/{rel}","templated":true}]}}