{"id":112257,"date":"2019-08-28T09:07:19","date_gmt":"2019-08-28T12:07:19","guid":{"rendered":"http:\/\/www.caririemacao.com\/1\/?p=112257"},"modified":"2019-08-28T09:07:19","modified_gmt":"2019-08-28T12:07:19","slug":"estimativa-da-populacao-do-brasil-passa-de-210-milhoes-diz-ibge","status":"publish","type":"post","link":"https:\/\/www.caririemacao.com\/1\/2019\/08\/28\/estimativa-da-populacao-do-brasil-passa-de-210-milhoes-diz-ibge\/","title":{"rendered":"Estimativa da popula\u00e7\u00e3o do Brasil passa de 210 milh\u00f5es, diz IBGE"},"content":{"rendered":"\n<p>O Instituto Brasileiro de Geografia e Estat\u00edstica (IBGE) divulgou hoje (28) as estimativas da popula\u00e7\u00e3o. Pela data de refer\u00eancia de 1\u00ba de julho de 2019, o Brasil tem uma popula\u00e7\u00e3o total de 210.147.125 pessoas. Os dados relativos aos estados foram publicados na edi\u00e7\u00e3o de hoje do&nbsp;<em>Di\u00e1rio Oficial da Uni\u00e3o<\/em>.<\/p>\n\n\n\n<p>Em 1\u00ba de julho do ano passado, o n\u00famero era de 208.494.900. O crescimento absoluto da popula\u00e7\u00e3o em um ano foi 1.652.225 pessoas, o que representa aumento de 0,79%.<\/p>\n\n\n\n<p>O estado com a menor popula\u00e7\u00e3o continua a ser Roraima, que chegou a 605.761 pessoas, um crescimento de 5,06% frente os 576.568 registrados no ano passado. Amap\u00e1 tem popula\u00e7\u00e3o de 845.731 pessoas e o Acre somou 881.935.<\/p>\n\n\n\n<p>A maior popula\u00e7\u00e3o se encontra em S\u00e3o Paulo, com 45.919.049 pessoas, um aumento de 0,83% em rela\u00e7\u00e3o aos 45.538.936 estimados h\u00e1 um ano. Minas Gerais tem uma estimativa de popula\u00e7\u00e3o de 21.168.791 pessoas e o Rio de Janeiro aparece em terceiro lugar, com 17.264.943.<\/p>\n","protected":false},"excerpt":{"rendered":"<p>O Instituto Brasileiro de Geografia e Estat\u00edstica (IBGE) divulgou hoje (28) as estimativas da popula\u00e7\u00e3o. Pela data de refer\u00eancia de 1\u00ba de julho de 2019,&hellip; <\/p>\n","protected":false},"author":1,"featured_media":66548,"comment_status":"closed","ping_status":"closed","sticky":false,"template":"","format":"standard","meta":{"sfsi_plus_gutenberg_text_before_share":"","sfsi_plus_gutenberg_show_text_before_share":"","sfsi_plus_gutenberg_icon_type":"","sfsi_plus_gutenberg_icon_alignemt":"","sfsi_plus_gutenburg_max_per_row":"","footnotes":""},"categories":[2],"tags":[],"class_list":["post-112257","post","type-post","status-publish","format-standard","has-post-thumbnail","hentry","category-geral"],"_links":{"self":[{"href":"https:\/\/www.caririemacao.com\/1\/wp-json\/wp\/v2\/posts\/112257","targetHints":{"allow":["GET"]}}],"collection":[{"href":"https:\/\/www.caririemacao.com\/1\/wp-json\/wp\/v2\/posts"}],"about":[{"href":"https:\/\/www.caririemacao.com\/1\/wp-json\/wp\/v2\/types\/post"}],"author":[{"embeddable":true,"href":"https:\/\/www.caririemacao.com\/1\/wp-json\/wp\/v2\/users\/1"}],"replies":[{"embeddable":true,"href":"https:\/\/www.caririemacao.com\/1\/wp-json\/wp\/v2\/comments?post=112257"}],"version-history":[{"count":1,"href":"https:\/\/www.caririemacao.com\/1\/wp-json\/wp\/v2\/posts\/112257\/revisions"}],"predecessor-version":[{"id":112258,"href":"https:\/\/www.caririemacao.com\/1\/wp-json\/wp\/v2\/posts\/112257\/revisions\/112258"}],"wp:featuredmedia":[{"embeddable":true,"href":"https:\/\/www.caririemacao.com\/1\/wp-json\/wp\/v2\/media\/66548"}],"wp:attachment":[{"href":"https:\/\/www.caririemacao.com\/1\/wp-json\/wp\/v2\/media?parent=112257"}],"wp:term":[{"taxonomy":"category","embeddable":true,"href":"https:\/\/www.caririemacao.com\/1\/wp-json\/wp\/v2\/categories?post=112257"},{"taxonomy":"post_tag","embeddable":true,"href":"https:\/\/www.caririemacao.com\/1\/wp-json\/wp\/v2\/tags?post=112257"}],"curies":[{"name":"wp","href":"https:\/\/api.w.org\/{rel}","templated":true}]}}