{"id":112268,"date":"2019-08-28T09:11:52","date_gmt":"2019-08-28T12:11:52","guid":{"rendered":"http:\/\/www.caririemacao.com\/1\/?p=112268"},"modified":"2019-08-28T09:11:52","modified_gmt":"2019-08-28T12:11:52","slug":"forca-tarefa-vai-permanecer-mais-60-dias-em-presidio-do-para","status":"publish","type":"post","link":"https:\/\/www.caririemacao.com\/1\/2019\/08\/28\/forca-tarefa-vai-permanecer-mais-60-dias-em-presidio-do-para\/","title":{"rendered":"For\u00e7a-tarefa vai permanecer mais 60 dias em pres\u00eddio do Par\u00e1"},"content":{"rendered":"\n<p>A For\u00e7a-Tarefa de Interven\u00e7\u00e3o Penitenci\u00e1ria no Par\u00e1 vai permanecer mais 60 dias no estado, de 29 de agosto at\u00e9 27 de outubro, para exercer a coordena\u00e7\u00e3o das atividades de guarda, de vigil\u00e2ncia e de cust\u00f3dia de presos. A solicita\u00e7\u00e3o foi feita pelo governo estadual ao Minist\u00e9rio da Justi\u00e7a e Seguran\u00e7a P\u00fablica.<\/p>\n\n\n\n<p>A portaria autorizando a manuten\u00e7\u00e3o da for\u00e7a-tarefa no Par\u00e1 est\u00e1 publicada no<a href=\"http:\/\/www.in.gov.br\/en\/web\/dou\/-\/portaria-n-712-de-27-de-agosto-de-2019-212910647\" target=\"_blank\" rel=\"noreferrer noopener\"><em>Di\u00e1rio Oficial da Uni\u00e3o<\/em><\/a>&nbsp;desta quarta-feira (28). Ela prev\u00ea tamb\u00e9m que a opera\u00e7\u00e3o ter\u00e1 o apoio log\u00edstico e a supervis\u00e3o dos \u00f3rg\u00e3os de administra\u00e7\u00e3o penitenci\u00e1ria e seguran\u00e7a p\u00fablica do estado.<\/p>\n\n\n\n<p>O documento diz ainda que o n\u00famero de profissionais a ser disponibilizado pelo minist\u00e9rio obedecer\u00e1 ao planejamento definido pelos entes envolvidos na opera\u00e7\u00e3o.<\/p>\n\n\n\n<p><strong>Rebeli\u00e3o<\/strong><\/p>\n\n\n\n<p>No fim de julho, uma&nbsp;<a href=\"http:\/\/agenciabrasil.ebc.com.br\/justica\/noticia\/2019-07\/forca-federal-de-intervencao-em-presidios-chega-ao-para\" target=\"_blank\" rel=\"noreferrer noopener\">rebeli\u00e3o no Centro de Recupera\u00e7\u00e3o Regional de Altamira<\/a>, deixou 57 presos mortos. Ap\u00f3s o conflito, o ministro da Justi\u00e7a e Seguran\u00e7a P\u00fablica, Sergio Moro, atendeu ao pedido do governo do estado e autorizou o envio da For\u00e7a-Tarefa de Interven\u00e7\u00e3o Penitenci\u00e1ria para o Par\u00e1.&nbsp;<\/p>\n\n\n\n<p>Al\u00e9m disso, dez l\u00edderes criminosos que estavam presos em Altamira foram transferidos para pres\u00eddios federais e mais 46 para outros pres\u00eddios estaduais.<\/p>\n\n\n\n<p>O n\u00famero de mortos chegou a 62 detentos. Al\u00e9m dos 57 que estavam na contagem inicial, mais um corpo foi identificado pelo Instituto M\u00e9dico Legal (IML) e quatro morreram durante a opera\u00e7\u00e3o de transfer\u00eancia para Marab\u00e1.<\/p>\n","protected":false},"excerpt":{"rendered":"<p>A For\u00e7a-Tarefa de Interven\u00e7\u00e3o Penitenci\u00e1ria no Par\u00e1 vai permanecer mais 60 dias no estado, de 29 de agosto at\u00e9 27 de outubro, para exercer a&hellip; <\/p>\n","protected":false},"author":1,"featured_media":104365,"comment_status":"closed","ping_status":"closed","sticky":false,"template":"","format":"standard","meta":{"sfsi_plus_gutenberg_text_before_share":"","sfsi_plus_gutenberg_show_text_before_share":"","sfsi_plus_gutenberg_icon_type":"","sfsi_plus_gutenberg_icon_alignemt":"","sfsi_plus_gutenburg_max_per_row":"","footnotes":""},"categories":[2],"tags":[],"class_list":["post-112268","post","type-post","status-publish","format-standard","has-post-thumbnail","hentry","category-geral"],"_links":{"self":[{"href":"https:\/\/www.caririemacao.com\/1\/wp-json\/wp\/v2\/posts\/112268","targetHints":{"allow":["GET"]}}],"collection":[{"href":"https:\/\/www.caririemacao.com\/1\/wp-json\/wp\/v2\/posts"}],"about":[{"href":"https:\/\/www.caririemacao.com\/1\/wp-json\/wp\/v2\/types\/post"}],"author":[{"embeddable":true,"href":"https:\/\/www.caririemacao.com\/1\/wp-json\/wp\/v2\/users\/1"}],"replies":[{"embeddable":true,"href":"https:\/\/www.caririemacao.com\/1\/wp-json\/wp\/v2\/comments?post=112268"}],"version-history":[{"count":1,"href":"https:\/\/www.caririemacao.com\/1\/wp-json\/wp\/v2\/posts\/112268\/revisions"}],"predecessor-version":[{"id":112269,"href":"https:\/\/www.caririemacao.com\/1\/wp-json\/wp\/v2\/posts\/112268\/revisions\/112269"}],"wp:featuredmedia":[{"embeddable":true,"href":"https:\/\/www.caririemacao.com\/1\/wp-json\/wp\/v2\/media\/104365"}],"wp:attachment":[{"href":"https:\/\/www.caririemacao.com\/1\/wp-json\/wp\/v2\/media?parent=112268"}],"wp:term":[{"taxonomy":"category","embeddable":true,"href":"https:\/\/www.caririemacao.com\/1\/wp-json\/wp\/v2\/categories?post=112268"},{"taxonomy":"post_tag","embeddable":true,"href":"https:\/\/www.caririemacao.com\/1\/wp-json\/wp\/v2\/tags?post=112268"}],"curies":[{"name":"wp","href":"https:\/\/api.w.org\/{rel}","templated":true}]}}