{"id":112279,"date":"2019-08-28T09:40:27","date_gmt":"2019-08-28T12:40:27","guid":{"rendered":"http:\/\/www.caririemacao.com\/1\/?p=112279"},"modified":"2019-08-28T09:40:27","modified_gmt":"2019-08-28T12:40:27","slug":"carro-e-tomado-por-assalto-na-cidade-de-taperoa-e-policia-faz-buscas-pela-regiao-do-cariri","status":"publish","type":"post","link":"https:\/\/www.caririemacao.com\/1\/2019\/08\/28\/carro-e-tomado-por-assalto-na-cidade-de-taperoa-e-policia-faz-buscas-pela-regiao-do-cariri\/","title":{"rendered":"Carro \u00e9 tomado por assalto na cidade de Tapero\u00e1 e pol\u00edcia faz buscas pela regi\u00e3o do Cariri"},"content":{"rendered":"\n<p>Um ve\u00edculo Cobalt de cor prata, placa OGD-0980 Jo\u00e3o Pessoa-PB, pertencente ao jovem Amuraby Mota, foi tomado por assalto no in\u00edcio da noite dessa ter\u00e7a-feira(27), em frente a seu com\u00e9rcio (casa de bolo), no centro da cidade de Tapero\u00e1, cariri da Para\u00edba.<\/p>\n\n\n\n<p>Segundo informa\u00e7\u00f5es colhidas pela nossa reportagem, criminosos renderam a v\u00edtima com uma arma e roubaram seu ve\u00edculo. O carro segundo o propriet\u00e1rio possu\u00eda pouca gasolina no momento e os bandidos fugiram no sentido das estradas de Livramento e S\u00e3o Jos\u00e9 dos Cordeiros.<\/p>\n\n\n\n<p>As for\u00e7as policiais est\u00e3o em dilig\u00eancia pela regi\u00e3o do Cariri desde a noite desta ter\u00e7a-feira na tentativa de recuperar o ve\u00edculo e capturar os criminosos.<\/p>\n\n\n\n<p><strong>De Olho no Cariri<\/strong><\/p>\n","protected":false},"excerpt":{"rendered":"<p>Um ve\u00edculo Cobalt de cor prata, placa OGD-0980 Jo\u00e3o Pessoa-PB, pertencente ao jovem Amuraby Mota, foi tomado por assalto no in\u00edcio da noite dessa ter\u00e7a-feira(27),&hellip; <\/p>\n","protected":false},"author":1,"featured_media":112280,"comment_status":"closed","ping_status":"closed","sticky":false,"template":"","format":"standard","meta":{"sfsi_plus_gutenberg_text_before_share":"","sfsi_plus_gutenberg_show_text_before_share":"","sfsi_plus_gutenberg_icon_type":"","sfsi_plus_gutenberg_icon_alignemt":"","sfsi_plus_gutenburg_max_per_row":"","footnotes":""},"categories":[50,12],"tags":[],"class_list":["post-112279","post","type-post","status-publish","format-standard","has-post-thumbnail","hentry","category-destaque","category-policia"],"_links":{"self":[{"href":"https:\/\/www.caririemacao.com\/1\/wp-json\/wp\/v2\/posts\/112279","targetHints":{"allow":["GET"]}}],"collection":[{"href":"https:\/\/www.caririemacao.com\/1\/wp-json\/wp\/v2\/posts"}],"about":[{"href":"https:\/\/www.caririemacao.com\/1\/wp-json\/wp\/v2\/types\/post"}],"author":[{"embeddable":true,"href":"https:\/\/www.caririemacao.com\/1\/wp-json\/wp\/v2\/users\/1"}],"replies":[{"embeddable":true,"href":"https:\/\/www.caririemacao.com\/1\/wp-json\/wp\/v2\/comments?post=112279"}],"version-history":[{"count":1,"href":"https:\/\/www.caririemacao.com\/1\/wp-json\/wp\/v2\/posts\/112279\/revisions"}],"predecessor-version":[{"id":112281,"href":"https:\/\/www.caririemacao.com\/1\/wp-json\/wp\/v2\/posts\/112279\/revisions\/112281"}],"wp:featuredmedia":[{"embeddable":true,"href":"https:\/\/www.caririemacao.com\/1\/wp-json\/wp\/v2\/media\/112280"}],"wp:attachment":[{"href":"https:\/\/www.caririemacao.com\/1\/wp-json\/wp\/v2\/media?parent=112279"}],"wp:term":[{"taxonomy":"category","embeddable":true,"href":"https:\/\/www.caririemacao.com\/1\/wp-json\/wp\/v2\/categories?post=112279"},{"taxonomy":"post_tag","embeddable":true,"href":"https:\/\/www.caririemacao.com\/1\/wp-json\/wp\/v2\/tags?post=112279"}],"curies":[{"name":"wp","href":"https:\/\/api.w.org\/{rel}","templated":true}]}}