{"id":112285,"date":"2019-08-28T09:43:03","date_gmt":"2019-08-28T12:43:03","guid":{"rendered":"http:\/\/www.caririemacao.com\/1\/?p=112285"},"modified":"2019-08-28T09:43:03","modified_gmt":"2019-08-28T12:43:03","slug":"prefeito-em-exercicio-de-monteiro-mantem-audiencia-com-secretario-de-esportes-lazer-e-juventude","status":"publish","type":"post","link":"https:\/\/www.caririemacao.com\/1\/2019\/08\/28\/prefeito-em-exercicio-de-monteiro-mantem-audiencia-com-secretario-de-esportes-lazer-e-juventude\/","title":{"rendered":"Prefeito em exerc\u00edcio de Monteiro mantem audi\u00eancia com secret\u00e1rio de esportes, lazer e juventude"},"content":{"rendered":"\n<p>O prefeito em exerc\u00edcio de Monteiro Celecileno Alves manteve audi\u00eancia na capital paraibana, com o secret\u00e1rio de Juventude, Esportes e Lazer do estado Herv\u00e1zio Bezerra nesta ter\u00e7a feira, (27)<\/p>\n\n\n\n<p>O objetivo do prefeito em exerc\u00edcio foi discutir parcerias para implementar projetos na \u00e1rea esportiva no munic\u00edpio de Monteiro, e apoio para realiza\u00e7\u00e3o de competi\u00e7\u00f5es da calend\u00e1rio municipal que s\u00e3o realizadas atrav\u00e9s da secretaria de esportes de Monteiro.<\/p>\n\n\n\n<p>\u201cO secret\u00e1rio Herv\u00e1zio nos recebeu muito bem e falamos da inten\u00e7\u00e3o de alavancar a pr\u00e1tica do esporte atrav\u00e9s do apoio da secretaria de estado\u201d, disse Celecileno.<\/p>\n\n\n\n<p>Na audi\u00eancia foram debatidos v\u00e1rios temas, envolvendo desde o esporte profissional, passando pelo futebol amador, e incluindo o incentivo ao desporto escolar e as modalidades ol\u00edmpicas.<\/p>\n\n\n\n<p>\u201cLevamos ao secret\u00e1rio por exemplo, o projeto do nosso campeonato da zona rural, que \u00e9 o maior do estado da Para\u00edba em quantidade de equipes, com mais de 40 participantes. O secret\u00e1rio se colocou \u00e0 disposi\u00e7\u00e3o de colaborar de todas as formas poss\u00edveis e estaremos mantendo contato constantemente para firmarmos parcerias, que incentivem a pr\u00e1tica esportiva, e o lazer\u201d, completou.<\/p>\n","protected":false},"excerpt":{"rendered":"<p>O prefeito em exerc\u00edcio de Monteiro Celecileno Alves manteve audi\u00eancia na capital paraibana, com o secret\u00e1rio de Juventude, Esportes e Lazer do estado Herv\u00e1zio Bezerra&hellip; <\/p>\n","protected":false},"author":1,"featured_media":112286,"comment_status":"closed","ping_status":"closed","sticky":false,"template":"","format":"standard","meta":{"sfsi_plus_gutenberg_text_before_share":"","sfsi_plus_gutenberg_show_text_before_share":"","sfsi_plus_gutenberg_icon_type":"","sfsi_plus_gutenberg_icon_alignemt":"","sfsi_plus_gutenburg_max_per_row":"","footnotes":""},"categories":[2],"tags":[],"class_list":["post-112285","post","type-post","status-publish","format-standard","has-post-thumbnail","hentry","category-geral"],"_links":{"self":[{"href":"https:\/\/www.caririemacao.com\/1\/wp-json\/wp\/v2\/posts\/112285","targetHints":{"allow":["GET"]}}],"collection":[{"href":"https:\/\/www.caririemacao.com\/1\/wp-json\/wp\/v2\/posts"}],"about":[{"href":"https:\/\/www.caririemacao.com\/1\/wp-json\/wp\/v2\/types\/post"}],"author":[{"embeddable":true,"href":"https:\/\/www.caririemacao.com\/1\/wp-json\/wp\/v2\/users\/1"}],"replies":[{"embeddable":true,"href":"https:\/\/www.caririemacao.com\/1\/wp-json\/wp\/v2\/comments?post=112285"}],"version-history":[{"count":1,"href":"https:\/\/www.caririemacao.com\/1\/wp-json\/wp\/v2\/posts\/112285\/revisions"}],"predecessor-version":[{"id":112287,"href":"https:\/\/www.caririemacao.com\/1\/wp-json\/wp\/v2\/posts\/112285\/revisions\/112287"}],"wp:featuredmedia":[{"embeddable":true,"href":"https:\/\/www.caririemacao.com\/1\/wp-json\/wp\/v2\/media\/112286"}],"wp:attachment":[{"href":"https:\/\/www.caririemacao.com\/1\/wp-json\/wp\/v2\/media?parent=112285"}],"wp:term":[{"taxonomy":"category","embeddable":true,"href":"https:\/\/www.caririemacao.com\/1\/wp-json\/wp\/v2\/categories?post=112285"},{"taxonomy":"post_tag","embeddable":true,"href":"https:\/\/www.caririemacao.com\/1\/wp-json\/wp\/v2\/tags?post=112285"}],"curies":[{"name":"wp","href":"https:\/\/api.w.org\/{rel}","templated":true}]}}