{"id":112292,"date":"2019-08-28T10:41:07","date_gmt":"2019-08-28T13:41:07","guid":{"rendered":"http:\/\/www.caririemacao.com\/1\/?p=112292"},"modified":"2019-08-28T10:41:07","modified_gmt":"2019-08-28T13:41:07","slug":"tce-pb-define-lista-triplice-para-vaga-de-conselheiro","status":"publish","type":"post","link":"https:\/\/www.caririemacao.com\/1\/2019\/08\/28\/tce-pb-define-lista-triplice-para-vaga-de-conselheiro\/","title":{"rendered":"TCE-PB define lista tr\u00edplice para vaga de conselheiro"},"content":{"rendered":"\n<p>&nbsp;pleno do Tribunal de Contas do Estado da Para\u00edba (TCE-PB) escolheu em sess\u00e3o nesta quarta-feira (28) a lista tr\u00edplice.&nbsp;A vaga que ser\u00e1 ocupada pertencia ao conselheiro Marcos Costa, que faleceu recentemente.<\/p>\n\n\n\n<p>Como o ClickPB havia antecipado, os conselheiros confirmaram os nomes de&nbsp;Ant\u00f4nio Cl\u00e1udio Silva Santos, Ant\u00f4nio Gomes Vieira Filho e Renato S\u00e9rgio Santiago Melo como integrantes da lista tr\u00edplice. Agora, caber\u00e1 ao governador Jo\u00e3o Azev\u00eado definir quem ser\u00e1 o pr\u00f3ximo conselheiro a integrar o TCE-PB.<\/p>\n\n\n\n<p>Apesar de os tr\u00eas conselheiros substitutos terem tomado posse no mesmo dia, Ant\u00f4nio Cl\u00e1udio \u00e9 considerado o mais antigo, por ter sido o primeiro a tomar posse.<\/p>\n\n\n\n<p>De acordo com as regras do quinto constitucional, a vaga que est\u00e1 aberta \u00e9 da categoria dos auditores-substitutos de conselheiros do Tribunal de Contas. O crit\u00e9rio de escolha \u00e9 por antiguidade.<\/p>\n\n\n\n<p>O conselheiro Marcos Ant\u00f4nio da Costa faleceu no dia 9 de agosto de 2019 aos 66 anos de idade. Ele estava internado em um hospital particular de Jo\u00e3o Pessoa quando foi v\u00edtima de fal\u00eancia m\u00faltipla dos \u00f3rg\u00e3os.<\/p>\n\n\n\n<p>O colegiado do Tribunal de Contas do Estado da Para\u00edba \u00e9 composto por sete conselheiros, que s\u00e3o Arn\u00f3bio Alves Viana, Ant\u00f4nio Nominando Diniz Filho, Andr\u00e9 Carlo Torres Pontes, Arthur Paredes Cunha Lima, F\u00e1bio T\u00falio Filgueiras Nogueira e Fernando Rodrigues Cat\u00e3o.<\/p>\n","protected":false},"excerpt":{"rendered":"<p>&nbsp;pleno do Tribunal de Contas do Estado da Para\u00edba (TCE-PB) escolheu em sess\u00e3o nesta quarta-feira (28) a lista tr\u00edplice.&nbsp;A vaga que ser\u00e1 ocupada pertencia ao&hellip; <\/p>\n","protected":false},"author":1,"featured_media":112293,"comment_status":"closed","ping_status":"closed","sticky":false,"template":"","format":"standard","meta":{"sfsi_plus_gutenberg_text_before_share":"","sfsi_plus_gutenberg_show_text_before_share":"","sfsi_plus_gutenberg_icon_type":"","sfsi_plus_gutenberg_icon_alignemt":"","sfsi_plus_gutenburg_max_per_row":"","footnotes":""},"categories":[2],"tags":[],"class_list":["post-112292","post","type-post","status-publish","format-standard","has-post-thumbnail","hentry","category-geral"],"_links":{"self":[{"href":"https:\/\/www.caririemacao.com\/1\/wp-json\/wp\/v2\/posts\/112292","targetHints":{"allow":["GET"]}}],"collection":[{"href":"https:\/\/www.caririemacao.com\/1\/wp-json\/wp\/v2\/posts"}],"about":[{"href":"https:\/\/www.caririemacao.com\/1\/wp-json\/wp\/v2\/types\/post"}],"author":[{"embeddable":true,"href":"https:\/\/www.caririemacao.com\/1\/wp-json\/wp\/v2\/users\/1"}],"replies":[{"embeddable":true,"href":"https:\/\/www.caririemacao.com\/1\/wp-json\/wp\/v2\/comments?post=112292"}],"version-history":[{"count":1,"href":"https:\/\/www.caririemacao.com\/1\/wp-json\/wp\/v2\/posts\/112292\/revisions"}],"predecessor-version":[{"id":112294,"href":"https:\/\/www.caririemacao.com\/1\/wp-json\/wp\/v2\/posts\/112292\/revisions\/112294"}],"wp:featuredmedia":[{"embeddable":true,"href":"https:\/\/www.caririemacao.com\/1\/wp-json\/wp\/v2\/media\/112293"}],"wp:attachment":[{"href":"https:\/\/www.caririemacao.com\/1\/wp-json\/wp\/v2\/media?parent=112292"}],"wp:term":[{"taxonomy":"category","embeddable":true,"href":"https:\/\/www.caririemacao.com\/1\/wp-json\/wp\/v2\/categories?post=112292"},{"taxonomy":"post_tag","embeddable":true,"href":"https:\/\/www.caririemacao.com\/1\/wp-json\/wp\/v2\/tags?post=112292"}],"curies":[{"name":"wp","href":"https:\/\/api.w.org\/{rel}","templated":true}]}}