{"id":112318,"date":"2019-08-28T10:59:56","date_gmt":"2019-08-28T13:59:56","guid":{"rendered":"http:\/\/www.caririemacao.com\/1\/?p=112318"},"modified":"2019-08-28T10:59:56","modified_gmt":"2019-08-28T13:59:56","slug":"ministro-do-meio-ambiente-e-internado-em-brasilia","status":"publish","type":"post","link":"https:\/\/www.caririemacao.com\/1\/2019\/08\/28\/ministro-do-meio-ambiente-e-internado-em-brasilia\/","title":{"rendered":"Ministro do Meio Ambiente \u00e9 internado em Bras\u00edlia"},"content":{"rendered":"\n<p>\u00a0O ministro do Meio Ambiente, Ricardo Salles, est\u00e1 internado no Hospital das For\u00e7as Armadas (HFA), em Bras\u00edlia, desde a noite dessa ter\u00e7a-feira (27). Segundo boletim m\u00e9dico repassado a jornalistas pela assessoria do minist\u00e9rio, Salles foi admitido na emerg\u00eancia do hospital devido a um &#8220;mal-estar&#8221;.<\/p>\n\n\n\n<p>Ainda de acordo com as informa\u00e7\u00f5es m\u00e9dicas, Salles &#8220;encontrava-se assintom\u00e1tico&#8221; ao dar entrada na unidade. Ainda assim, os m\u00e9dicos optaram por manter o ministro internado &#8220;para realiza\u00e7\u00e3o de exames de rotina&#8221;. Durante a noite, Salles apresentou melhora e, no momento, seu quadro cl\u00ednico \u00e9 considerado est\u00e1vel.&nbsp; &nbsp;<\/p>\n\n\n\n<p>Os compromissos oficiais que o ministro tinha agendados ao longo do dia foram cancelados. A equipe m\u00e9dica do HFA divulgar\u00e1 novo boletim as 16h de hoje.<\/p>\n\n\n\n<p>Ricardo Salles tem 44 anos e est\u00e1 \u00e0 frente das pasta desde o in\u00edcio de janeiro.<\/p>\n","protected":false},"excerpt":{"rendered":"<p>\u00a0O ministro do Meio Ambiente, Ricardo Salles, est\u00e1 internado no Hospital das For\u00e7as Armadas (HFA), em Bras\u00edlia, desde a noite dessa ter\u00e7a-feira (27). Segundo boletim&hellip; <\/p>\n","protected":false},"author":1,"featured_media":112320,"comment_status":"closed","ping_status":"closed","sticky":false,"template":"","format":"standard","meta":{"sfsi_plus_gutenberg_text_before_share":"","sfsi_plus_gutenberg_show_text_before_share":"","sfsi_plus_gutenberg_icon_type":"","sfsi_plus_gutenberg_icon_alignemt":"","sfsi_plus_gutenburg_max_per_row":"","footnotes":""},"categories":[2],"tags":[],"class_list":["post-112318","post","type-post","status-publish","format-standard","has-post-thumbnail","hentry","category-geral"],"_links":{"self":[{"href":"https:\/\/www.caririemacao.com\/1\/wp-json\/wp\/v2\/posts\/112318","targetHints":{"allow":["GET"]}}],"collection":[{"href":"https:\/\/www.caririemacao.com\/1\/wp-json\/wp\/v2\/posts"}],"about":[{"href":"https:\/\/www.caririemacao.com\/1\/wp-json\/wp\/v2\/types\/post"}],"author":[{"embeddable":true,"href":"https:\/\/www.caririemacao.com\/1\/wp-json\/wp\/v2\/users\/1"}],"replies":[{"embeddable":true,"href":"https:\/\/www.caririemacao.com\/1\/wp-json\/wp\/v2\/comments?post=112318"}],"version-history":[{"count":1,"href":"https:\/\/www.caririemacao.com\/1\/wp-json\/wp\/v2\/posts\/112318\/revisions"}],"predecessor-version":[{"id":112321,"href":"https:\/\/www.caririemacao.com\/1\/wp-json\/wp\/v2\/posts\/112318\/revisions\/112321"}],"wp:featuredmedia":[{"embeddable":true,"href":"https:\/\/www.caririemacao.com\/1\/wp-json\/wp\/v2\/media\/112320"}],"wp:attachment":[{"href":"https:\/\/www.caririemacao.com\/1\/wp-json\/wp\/v2\/media?parent=112318"}],"wp:term":[{"taxonomy":"category","embeddable":true,"href":"https:\/\/www.caririemacao.com\/1\/wp-json\/wp\/v2\/categories?post=112318"},{"taxonomy":"post_tag","embeddable":true,"href":"https:\/\/www.caririemacao.com\/1\/wp-json\/wp\/v2\/tags?post=112318"}],"curies":[{"name":"wp","href":"https:\/\/api.w.org\/{rel}","templated":true}]}}