{"id":112326,"date":"2019-08-28T11:06:35","date_gmt":"2019-08-28T14:06:35","guid":{"rendered":"http:\/\/www.caririemacao.com\/1\/?p=112326"},"modified":"2019-08-28T11:06:35","modified_gmt":"2019-08-28T14:06:35","slug":"mais-de-700-quilos-de-maconha-sao-apreendidos-pela-prf-no-parana","status":"publish","type":"post","link":"https:\/\/www.caririemacao.com\/1\/2019\/08\/28\/mais-de-700-quilos-de-maconha-sao-apreendidos-pela-prf-no-parana\/","title":{"rendered":"Mais de 700 quilos de maconha s\u00e3o apreendidos pela PRF no Paran\u00e1"},"content":{"rendered":"\n<p>Numa a\u00e7\u00e3o conjunta com a Pol\u00edcia Civil do Paran\u00e1, a Pol\u00edcia Rodovi\u00e1ria Federal (PRF) e da Pol\u00edcia Civil do Paran\u00e1 apreendeu 709,7 quilos de maconha na noite dessa ter\u00e7a-feira (27) em Santa Terezinha de Itaipu, munic\u00edpio da regi\u00e3o oeste do estado. A droga era estava em um carro de passeio que trafegava por estrada de terra nas imedia\u00e7\u00f5es da BR-277.<\/p>\n\n\n\n<figure class=\"wp-block-image\"><img decoding=\"async\" data-src=\"http:\/\/imagens.ebc.com.br\/x0fpFpi6sViHxdcKB0k9D9htytI=\/754x0\/smart\/http:\/\/agenciabrasil.ebc.com.br\/sites\/default\/files\/thumbnails\/image\/prf_maconha.jpg?itok=mgyal5nM\" alt=\"Droga era transportada em um carro roubado h\u00e1 uma semana em Curitiba\" src=\"data:image\/svg+xml;base64,PHN2ZyB3aWR0aD0iMSIgaGVpZ2h0PSIxIiB4bWxucz0iaHR0cDovL3d3dy53My5vcmcvMjAwMC9zdmciPjwvc3ZnPg==\" class=\"lazyload\" \/><\/figure>\n\n\n\n<p>Droga era transportada em um carro roubado h\u00e1 uma semana em Curitiba &#8211;&nbsp;<strong>Divulga\u00e7\u00e3o PRF<\/strong><\/p>\n\n\n\n<p>Os policiais desconfiaram do motorista e determinaram que parasse o ve\u00edculo. No entanto, o condutor ignorou a ordem e tentou fugir, mas teve os pneus do carro furados pela \u201ccama de faquir\u201d, equipamento dilacerador de pneus. Apesar disso, manteve o autom\u00f3vel em movimento e s\u00f3 parou dentro de uma planta\u00e7\u00e3o, onde abandonou o carro.<\/p>\n\n\n\n<p>Os agentes ainda realizaram uma busca na regi\u00e3o, mas n\u00e3o localizaram o suspeito. Ao vistoriar o ve\u00edculo encontraram 772 tabletes de maconha sobre o banco traseiro e no porta-malas. Os policiais constataram que as placas de identifica\u00e7\u00e3o eram falsas e que o carro havia sido roubado na \u00faltima ter\u00e7a-feira (20), em Curitiba..<\/p>\n\n\n\n<p>A PRF encaminhou o carro e a maconha apreendida para a Delegacia da Pol\u00edcia Civil em Santa Terezinha de Itaipu.<\/p>\n","protected":false},"excerpt":{"rendered":"<p>Numa a\u00e7\u00e3o conjunta com a Pol\u00edcia Civil do Paran\u00e1, a Pol\u00edcia Rodovi\u00e1ria Federal (PRF) e da Pol\u00edcia Civil do Paran\u00e1 apreendeu 709,7 quilos de maconha&hellip; <\/p>\n","protected":false},"author":1,"featured_media":112327,"comment_status":"closed","ping_status":"closed","sticky":false,"template":"","format":"standard","meta":{"sfsi_plus_gutenberg_text_before_share":"","sfsi_plus_gutenberg_show_text_before_share":"","sfsi_plus_gutenberg_icon_type":"","sfsi_plus_gutenberg_icon_alignemt":"","sfsi_plus_gutenburg_max_per_row":"","footnotes":""},"categories":[2],"tags":[],"class_list":["post-112326","post","type-post","status-publish","format-standard","has-post-thumbnail","hentry","category-geral"],"_links":{"self":[{"href":"https:\/\/www.caririemacao.com\/1\/wp-json\/wp\/v2\/posts\/112326","targetHints":{"allow":["GET"]}}],"collection":[{"href":"https:\/\/www.caririemacao.com\/1\/wp-json\/wp\/v2\/posts"}],"about":[{"href":"https:\/\/www.caririemacao.com\/1\/wp-json\/wp\/v2\/types\/post"}],"author":[{"embeddable":true,"href":"https:\/\/www.caririemacao.com\/1\/wp-json\/wp\/v2\/users\/1"}],"replies":[{"embeddable":true,"href":"https:\/\/www.caririemacao.com\/1\/wp-json\/wp\/v2\/comments?post=112326"}],"version-history":[{"count":1,"href":"https:\/\/www.caririemacao.com\/1\/wp-json\/wp\/v2\/posts\/112326\/revisions"}],"predecessor-version":[{"id":112328,"href":"https:\/\/www.caririemacao.com\/1\/wp-json\/wp\/v2\/posts\/112326\/revisions\/112328"}],"wp:featuredmedia":[{"embeddable":true,"href":"https:\/\/www.caririemacao.com\/1\/wp-json\/wp\/v2\/media\/112327"}],"wp:attachment":[{"href":"https:\/\/www.caririemacao.com\/1\/wp-json\/wp\/v2\/media?parent=112326"}],"wp:term":[{"taxonomy":"category","embeddable":true,"href":"https:\/\/www.caririemacao.com\/1\/wp-json\/wp\/v2\/categories?post=112326"},{"taxonomy":"post_tag","embeddable":true,"href":"https:\/\/www.caririemacao.com\/1\/wp-json\/wp\/v2\/tags?post=112326"}],"curies":[{"name":"wp","href":"https:\/\/api.w.org\/{rel}","templated":true}]}}