{"id":112331,"date":"2019-08-28T11:29:31","date_gmt":"2019-08-28T14:29:31","guid":{"rendered":"http:\/\/www.caririemacao.com\/1\/?p=112331"},"modified":"2019-08-28T11:33:53","modified_gmt":"2019-08-28T14:33:53","slug":"escolas-municipais-de-sume-homenageiam-jackson-do-pandeiro","status":"publish","type":"post","link":"https:\/\/www.caririemacao.com\/1\/2019\/08\/28\/escolas-municipais-de-sume-homenageiam-jackson-do-pandeiro\/","title":{"rendered":"Escolas municipais de Sum\u00e9 homenageiam Jackson do Pandeiro"},"content":{"rendered":"\n<div class=\"wp-block-image\"><figure class=\"aligncenter\"><a href=\"http:\/\/noticiasemdestaque.com\/cd\/wp-content\/uploads\/2019\/08\/Jackson-do-Pandeiro-Logo.jpg\"><img decoding=\"async\" data-src=\"http:\/\/noticiasemdestaque.com\/cd\/wp-content\/uploads\/2019\/08\/Jackson-do-Pandeiro-Logo.jpg\" alt=\"\" class=\"wp-image-19357 lazyload\" src=\"data:image\/svg+xml;base64,PHN2ZyB3aWR0aD0iMSIgaGVpZ2h0PSIxIiB4bWxucz0iaHR0cDovL3d3dy53My5vcmcvMjAwMC9zdmciPjwvc3ZnPg==\" \/><\/a><\/figure><\/div>\n\n\n\n<p>Em alus\u00e3o aos 100 anos de idade do cantor, instrumentista e compositor, Jackson do Pandeiro, a Prefeitura de Sum\u00e9, por meio da Secretaria Municipal de Educa\u00e7\u00e3o, desenvolveu o projeto \u201c100 ANOS DO REI DO RITMO\u201d, cujo objetivo \u00e9 valorizar a cultura paraibana, bem como a vida e obra de Jos\u00e9 Gomes Filho mais conhecido Jackson do Pandeiro. Na programa\u00e7\u00e3o, constam a\u00e7\u00f5es que ser\u00e3o realizadas nas unidades municipais de ensino com a colabora\u00e7\u00e3o de toda comunidade escolar.<\/p>\n\n\n\n<p><strong>PROGRAMA\u00c7\u00c3O<\/strong><\/p>\n\n\n\n<p><strong>Data: 30\/08 \u2013 sexta-feira<\/strong><\/p>\n\n\n\n<p><strong>Local: Pra\u00e7a Jos\u00e9 Am\u00e9rico<\/strong><\/p>\n\n\n\n<p><strong>09h \u00e0s 14h \u2013&nbsp;<\/strong>Exposi\u00e7\u00f5es diversas<\/p>\n\n\n\n<p>\u2013 Participa\u00e7\u00e3o de todas as Unidades de Ensino e Programas da Rede Municipal (de Creche ao Fundamental II).<\/p>\n\n\n\n<p><strong>16h \u2013&nbsp;<\/strong>Cerim\u00f4nia de Abertura<\/p>\n\n\n\n<p>\u2013 Apresenta\u00e7\u00e3o da Filarm\u00f4nica municipal Maestro Ant\u00f4nio Josu\u00e9 de Lima.<\/p>\n\n\n\n<p><strong>16h30<\/strong>&nbsp;\u2013 Apresenta\u00e7\u00f5es Culturais<\/p>\n\n\n\n<p>\u2013 Creche Rita Cipriano<\/p>\n\n\n\n<p>\u201cNa Cultura Nordestina: viva Jackson do Pandeiro\u201d<\/p>\n\n\n\n<p>\u2013 Creche Anita Garibaldi<\/p>\n\n\n\n<p>\u201c100 anos de Jackson: voz e vida do pandeiro\u201d<\/p>\n\n\n\n<p>\u2013 Servi\u00e7o de Conviv\u00eancia e Fortalecimento de V\u00ednculo (Grupo de Dan\u00e7a).<\/p>\n\n\n\n<p>\u2013 Escola Manoel In\u00e1cio da Silva<\/p>\n\n\n\n<p>\u201cVida e arte de Jackson do Pandeiro\u201d (Declama\u00e7\u00f5es)<\/p>\n\n\n\n<p>\u2013 Escola Jo\u00e3o de Sousa<\/p>\n\n\n\n<p>\u201cEncena\u00e7\u00e3o musical: Jackson do Pandeiro e seu trio de forr\u00f3\u201d<\/p>\n\n\n\n<p>\u2013 Escola Jos\u00e9 Bonif\u00e1cio<\/p>\n\n\n\n<p>\u201cLiteromusical (cordel, poesia e dan\u00e7a)\u201d<\/p>\n\n\n\n<p>\u2013 Escola Maria Leite Rafael<\/p>\n\n\n\n<p>\u201cPandeirando com Jackson\u201d<\/p>\n\n\n\n<p>\u2013 Escola Z\u00e9lia Braz<\/p>\n\n\n\n<p>\u201c100 anos desse paraibano (dan\u00e7a)\u201d<\/p>\n\n\n\n<p>\u2013 Escola Gon\u00e7ala Rodrigues de Freitas<\/p>\n\n\n\n<p>\u201cMemorial Jackson do Pandeiro (teatro, m\u00fasica e dan\u00e7a)\u201d<\/p>\n\n\n\n<p>\u2013 Presidente Vargas<\/p>\n\n\n\n<p>\u201cVida e obra de Jackson do Pandeiro (teatro, dan\u00e7a e m\u00fasica)\u201d<\/p>\n\n\n\n<p>\u2013 Escola Agrot\u00e9cnica<\/p>\n\n\n\n<p>\u201cDan\u00e7ando a cultura popular: homenagem a Jackson\u201d<\/p>\n\n\n\n<p>\u2013 Padre Paulo Roberto de Oliveira<\/p>\n\n\n\n<p>\u201cJackson do Pandeiro em versos e poemas\u201d<\/p>\n\n\n\n<p>Trio de forr\u00f3 (EJA)<\/p>\n\n\n\n<p><strong>20h \u2013 Participa\u00e7\u00f5es Especiais<\/strong><\/p>\n\n\n\n<p>\u2013 Filarm\u00f4nica municipal Maestro Ant\u00f4nio Josu\u00e9 de Lima<\/p>\n\n\n\n<p>\u2013 Cia. Filhos da Dan\u00e7a de Sum\u00e9 (homenagem a Jackson do Pandeiro)<\/p>\n\n\n\n<p><strong>\u2013 Biliu de Campina e trio de forr\u00f3<\/strong><\/p>\n\n\n\n<p>Ascom\/PMS<\/p>\n","protected":false},"excerpt":{"rendered":"<p>Em alus\u00e3o aos 100 anos de idade do cantor, instrumentista e compositor, Jackson do Pandeiro, a Prefeitura de Sum\u00e9, por meio da Secretaria Municipal de&hellip; <\/p>\n","protected":false},"author":1,"featured_media":112332,"comment_status":"closed","ping_status":"closed","sticky":false,"template":"","format":"standard","meta":{"sfsi_plus_gutenberg_text_before_share":"","sfsi_plus_gutenberg_show_text_before_share":"","sfsi_plus_gutenberg_icon_type":"","sfsi_plus_gutenberg_icon_alignemt":"","sfsi_plus_gutenburg_max_per_row":"","footnotes":""},"categories":[14],"tags":[],"class_list":["post-112331","post","type-post","status-publish","format-standard","has-post-thumbnail","hentry","category-educacao"],"_links":{"self":[{"href":"https:\/\/www.caririemacao.com\/1\/wp-json\/wp\/v2\/posts\/112331","targetHints":{"allow":["GET"]}}],"collection":[{"href":"https:\/\/www.caririemacao.com\/1\/wp-json\/wp\/v2\/posts"}],"about":[{"href":"https:\/\/www.caririemacao.com\/1\/wp-json\/wp\/v2\/types\/post"}],"author":[{"embeddable":true,"href":"https:\/\/www.caririemacao.com\/1\/wp-json\/wp\/v2\/users\/1"}],"replies":[{"embeddable":true,"href":"https:\/\/www.caririemacao.com\/1\/wp-json\/wp\/v2\/comments?post=112331"}],"version-history":[{"count":1,"href":"https:\/\/www.caririemacao.com\/1\/wp-json\/wp\/v2\/posts\/112331\/revisions"}],"predecessor-version":[{"id":112333,"href":"https:\/\/www.caririemacao.com\/1\/wp-json\/wp\/v2\/posts\/112331\/revisions\/112333"}],"wp:featuredmedia":[{"embeddable":true,"href":"https:\/\/www.caririemacao.com\/1\/wp-json\/wp\/v2\/media\/112332"}],"wp:attachment":[{"href":"https:\/\/www.caririemacao.com\/1\/wp-json\/wp\/v2\/media?parent=112331"}],"wp:term":[{"taxonomy":"category","embeddable":true,"href":"https:\/\/www.caririemacao.com\/1\/wp-json\/wp\/v2\/categories?post=112331"},{"taxonomy":"post_tag","embeddable":true,"href":"https:\/\/www.caririemacao.com\/1\/wp-json\/wp\/v2\/tags?post=112331"}],"curies":[{"name":"wp","href":"https:\/\/api.w.org\/{rel}","templated":true}]}}