{"id":112337,"date":"2019-08-28T11:33:09","date_gmt":"2019-08-28T14:33:09","guid":{"rendered":"http:\/\/www.caririemacao.com\/1\/?p=112337"},"modified":"2019-08-28T11:33:09","modified_gmt":"2019-08-28T14:33:09","slug":"inscricoes-deferidas-i-festival-de-musica-ze-marcolino","status":"publish","type":"post","link":"https:\/\/www.caririemacao.com\/1\/2019\/08\/28\/inscricoes-deferidas-i-festival-de-musica-ze-marcolino\/","title":{"rendered":"Inscri\u00e7\u00f5es Deferidas I Festival de M\u00fasica Z\u00e9 Marcolino"},"content":{"rendered":"\n<p>A Presidente da COMISS\u00c3O ORGANIZADORA DE FISCALIZA\u00c7\u00c3O E ACOMPANHAMENTO do<strong>&nbsp;I<\/strong>&nbsp;<strong>FESTIVAL DE M\u00daSICA Z\u00c9 MARCOLINO,&nbsp;<\/strong>institu\u00edda pela Portaria N\u00ba 004\/2019\/SEDUC, no uso de suas atribui\u00e7\u00f5es legais, e pelas disposi\u00e7\u00f5es regulamentares contidas nos Editais e seus anexos, torna p\u00fablico<strong>&nbsp;O RESULTADO DO DEFERIMENTO DE INSCRI\u00c7\u00d5ES<\/strong>, conforme previsto no item 2.20 do Edital 002\/2019.<\/p>\n\n\n\n<table class=\"wp-block-table\"><tbody><tr><td><strong>Autor Da M\u00fasica<\/strong><\/td><td><strong>Int\u00e9rprete Art\u00edstico<\/strong><\/td><td><strong>N\u00ba De Inscri\u00e7\u00e3o<\/strong><\/td><td><strong>Nome Da M\u00fasica<\/strong><\/td><\/tr><tr><td>Josivan Azevedo Batista<\/td><td>Osmando Silva<\/td><td>001\/2019<\/td><td>Z\u00e9 Marcolino \u00c9 Arte Em Forma De Poesia<\/td><\/tr><tr><td>Josinaldo Jos\u00e9 De Oliveira<\/td><td>Josinaldo Jos\u00e9<\/td><td>002\/2019<\/td><td>Naquele Tempo<\/td><\/tr><tr><td>Jos\u00e9 Alberto Batista Da Silva<\/td><td>Poeta Alberto Batista<\/td><td>003\/2019<\/td><td>Um Aboio De Saudade<\/td><\/tr><tr><td>Dami\u00e3o Evangelista De Lima Fernandes<\/td><td>Daniel Lima<\/td><td>004\/2019<\/td><td>Cofre Da Saudade<\/td><\/tr><tr><td>Reginaldo Ferreira da Silva<\/td><td>Reginaldo Silva<\/td><td>005\/2019<\/td><td>Saudade Do Passado<\/td><\/tr><tr><td>Francisco de Assis Ferreira Souza<\/td><td>Poeta Evaldo Filho<\/td><td>006\/2019<\/td><td>Casinha Nordestina<\/td><\/tr><tr><td>Amauri Dias dos Santos<\/td><td>Amauri Sanfoneiro<\/td><td>007\/2019<\/td><td>Caboclo Cantador<\/td><\/tr><tr><td>Emerson Carlo da Silva Rocha<\/td><td>Mercinho Rocha<\/td><td>008\/2019<\/td><td>Filho De Sum\u00e9<\/td><\/tr><tr><td>Artur Alan Melo Carneiro de Oliveira<\/td><td>Artur Alan<\/td><td>009\/2019<\/td><td>O Nordeste \u00c9 Meu Pa\u00eds<\/td><\/tr><tr><td>Jos\u00e9 Mineiro de Queiroz<\/td><td>Z\u00e9 Mineiro<\/td><td>010\/2019<\/td><td>O Mito Z\u00e9 Marcolino<\/td><\/tr><tr><td>Ubirajara Ant\u00f4nio Pereira Mariano<\/td><td>Beto Rodrigues<\/td><td>011\/2019<\/td><td>Coisa Mar Bonita<\/td><\/tr><tr><td>Cloves Ferreira de Souza<\/td><td>Cloves Ferreira<\/td><td>012\/2019<\/td><td>Amor De Junho<\/td><\/tr><tr><td>Vanderlei Batista Alves<\/td><td>Vanderlei Batista<\/td><td>013\/2019<\/td><td>Cidade Querida<\/td><\/tr><tr><td>Pl\u00ednio Fabr\u00edcio da Silva Nunes Brito<\/td><td>Lucas Barreto<\/td><td>014\/2019<\/td><td>Lamento Pi\u00e1<\/td><\/tr><tr><td>Francisco Fontinele Feitosa Santa Cruz<\/td><td>Zemarc Paulino<\/td><td>015\/2019<\/td><td>Saudade Encravada<\/td><\/tr><tr><td>Natal\u00edcio Pereira da Cruz<\/td><td>Natal\u00edcio Pereira da Cruz<\/td><td>016\/2019<\/td><td>Belezas Do S\u00e3o Francisco<\/td><\/tr><tr><td>Genildo Maciel da Silva<\/td><td>Jo\u00e3o Paulo<\/td><td>017\/2019<\/td><td>Maria<\/td><\/tr><tr><td>Rog\u00e9rio Cleby Lima de Ara\u00fajo<\/td><td>Rog\u00e9rio Lima<\/td><td>018\/2019<\/td><td>N\u00e3o Nego N\u00e3o<\/td><\/tr><tr><td>S\u00e9rgio Murilo Carneiro Vilar<\/td><td>Serginho Vilar<\/td><td>019\/2019<\/td><td>Forr\u00f3 N\u00e3o Tem Fronteira<\/td><\/tr><tr><td>Suetone Ferreira<\/td><td>Bilisco Vaqueiro<\/td><td>020\/2019<\/td><td>Nordeste \u00c9 Minha Terra<\/td><\/tr><tr><td>Ism\u00eania Theresa Santos Leal<\/td><td>Andr\u00e9 Torres<\/td><td>021\/2019<\/td><td>Baladas De Lua<\/td><\/tr><tr><td>Jorge Pereira de Andrade e Erasmo Rom\u00e3o<\/td><td>Luiz Cl\u00e1udio<\/td><td>022\/2019<\/td><td>A Chuva Espantando A Sede<\/td><\/tr><tr><td>Pedro Ernesto Ferreira de Fran\u00e7a<\/td><td>Pedro Neto<\/td><td>023\/2019<\/td><td>Falando Com O Cora\u00e7\u00e3o<\/td><\/tr><tr><td>Alysson Eryke Ferreira da Silva<\/td><td>Jacson Monteiro e Alysson<\/td><td>024\/2019<\/td><td>Ponto Final<\/td><\/tr><\/tbody><\/table>\n\n\n\n<p>Sum\u00e9, Para\u00edba, 28 de agosto de 2019<\/p>\n\n\n\n<p><strong>L\u00edlian Tinalli Nunes de Sousa<\/strong><\/p>\n\n\n\n<p>Presidente da Comiss\u00e3o<\/p>\n","protected":false},"excerpt":{"rendered":"<p>A Presidente da COMISS\u00c3O ORGANIZADORA DE FISCALIZA\u00c7\u00c3O E ACOMPANHAMENTO do&nbsp;I&nbsp;FESTIVAL DE M\u00daSICA Z\u00c9 MARCOLINO,&nbsp;institu\u00edda pela Portaria N\u00ba 004\/2019\/SEDUC, no uso de suas atribui\u00e7\u00f5es legais, e&hellip; <\/p>\n","protected":false},"author":1,"featured_media":47467,"comment_status":"closed","ping_status":"closed","sticky":false,"template":"","format":"standard","meta":{"sfsi_plus_gutenberg_text_before_share":"","sfsi_plus_gutenberg_show_text_before_share":"","sfsi_plus_gutenberg_icon_type":"","sfsi_plus_gutenberg_icon_alignemt":"","sfsi_plus_gutenburg_max_per_row":"","footnotes":""},"categories":[2],"tags":[],"class_list":["post-112337","post","type-post","status-publish","format-standard","has-post-thumbnail","hentry","category-geral"],"_links":{"self":[{"href":"https:\/\/www.caririemacao.com\/1\/wp-json\/wp\/v2\/posts\/112337","targetHints":{"allow":["GET"]}}],"collection":[{"href":"https:\/\/www.caririemacao.com\/1\/wp-json\/wp\/v2\/posts"}],"about":[{"href":"https:\/\/www.caririemacao.com\/1\/wp-json\/wp\/v2\/types\/post"}],"author":[{"embeddable":true,"href":"https:\/\/www.caririemacao.com\/1\/wp-json\/wp\/v2\/users\/1"}],"replies":[{"embeddable":true,"href":"https:\/\/www.caririemacao.com\/1\/wp-json\/wp\/v2\/comments?post=112337"}],"version-history":[{"count":1,"href":"https:\/\/www.caririemacao.com\/1\/wp-json\/wp\/v2\/posts\/112337\/revisions"}],"predecessor-version":[{"id":112338,"href":"https:\/\/www.caririemacao.com\/1\/wp-json\/wp\/v2\/posts\/112337\/revisions\/112338"}],"wp:featuredmedia":[{"embeddable":true,"href":"https:\/\/www.caririemacao.com\/1\/wp-json\/wp\/v2\/media\/47467"}],"wp:attachment":[{"href":"https:\/\/www.caririemacao.com\/1\/wp-json\/wp\/v2\/media?parent=112337"}],"wp:term":[{"taxonomy":"category","embeddable":true,"href":"https:\/\/www.caririemacao.com\/1\/wp-json\/wp\/v2\/categories?post=112337"},{"taxonomy":"post_tag","embeddable":true,"href":"https:\/\/www.caririemacao.com\/1\/wp-json\/wp\/v2\/tags?post=112337"}],"curies":[{"name":"wp","href":"https:\/\/api.w.org\/{rel}","templated":true}]}}