{"id":112343,"date":"2019-08-28T12:36:49","date_gmt":"2019-08-28T15:36:49","guid":{"rendered":"http:\/\/www.caririemacao.com\/1\/?p=112343"},"modified":"2019-08-28T12:36:49","modified_gmt":"2019-08-28T15:36:49","slug":"dezoito-marcas-suspendem-compra-de-couro-do-brasil-diz-industria","status":"publish","type":"post","link":"https:\/\/www.caririemacao.com\/1\/2019\/08\/28\/dezoito-marcas-suspendem-compra-de-couro-do-brasil-diz-industria\/","title":{"rendered":"Dezoito marcas suspendem compra de couro do Brasil, diz ind\u00fastria"},"content":{"rendered":"\n<p>Vans, Kipling, Timberland e outras quinze marcas suspenderam as compras de couro no Brasil por causa das not\u00edcias relacionando as queimadas na Floresta Amaz\u00f4nica ao agroneg\u00f3cio, segundo divulgou em nota o Centro das Ind\u00fastrias de Curtumes do Brasil (CICB).<\/p>\n\n\n\n<p>A entidade formulou uma carta aberta endere\u00e7ada ao ministro do Meio Ambiente, Ricardo Salles, pedindo \u00e0 pasta \u201caten\u00e7\u00e3o especial sobre a realidade que j\u00e1 nos \u00e9 posta, com a cria\u00e7\u00e3o de barreiras comerciais por importantes marcas ao produto nacional\u201d, informa o comunicado.<\/p>\n\n\n\n<p>Na nota, a CICB ainda relata que a suspens\u00e3o foi recebida com \u201cmuita preocupa\u00e7\u00e3o\u201d pelo setor. \u201cPara uma na\u00e7\u00e3o que exporta mais de 80% de sua produ\u00e7\u00e3o de couros, chegando a gerar 2 bilh\u00f5es de d\u00f3lares em vendas ao mercado externo em um \u00fanico ano, trata-se de uma informa\u00e7\u00e3o devastadora\u201d, acrescenta.<\/p>\n\n\n\n<p>Na vis\u00e3o da ind\u00fastria, existe uma \u201cinterpreta\u00e7\u00e3o err\u00f4nea do com\u00e9rcio e da pol\u00edtica internacionais acerca do que realmente ocorre no Brasil e o trabalho do governo e da iniciativa privada com as melhores pr\u00e1ticas em manejo, gest\u00e3o e sustentabilidade. Por\u00e9m, \u00e9 ineg\u00e1vel a demanda de conten\u00e7\u00e3o de danos \u00e0 imagem do pa\u00eds no mercado externo sobre as quest\u00f5es amaz\u00f4nicas\u201d, completa a nota.<\/p>\n\n\n\n<p>Ao todo, dezoito empresas s\u00e3o citadas na nota: Timberland, Dickies, Kipling, Vans, Kodiak, Terra, Walls, Workrite, Eagle Creek, Eastpack, JanSport, The North Face, Napapijri, Bulwark, Altra, Icebreaker, Smartwoll e Horace Small.<\/p>\n\n\n\n<p><strong>N\u00fameros<\/strong><\/p>\n\n\n\n<p>Dados mais recente sobre a exporta\u00e7\u00e3o de couro, elaborados pela entidade, revelam que, em julho, o setor vendeu para fora do pa\u00eds 84,2 milh\u00f5es de d\u00f3lares, aumento de 8,4% em rela\u00e7\u00e3o ao mesmo m\u00eas do ano passado, quando foram exportados 77,7 milh\u00f5es de d\u00f3lares. Na compara\u00e7\u00e3o com junho deste ano, no entanto, quando a exporta\u00e7\u00e3o foi de 87,5 milh\u00f5es de d\u00f3lares, houve queda de 3,7%.<\/p>\n","protected":false},"excerpt":{"rendered":"<p>Vans, Kipling, Timberland e outras quinze marcas suspenderam as compras de couro no Brasil por causa das not\u00edcias relacionando as queimadas na Floresta Amaz\u00f4nica ao&hellip; <\/p>\n","protected":false},"author":1,"featured_media":112344,"comment_status":"closed","ping_status":"closed","sticky":false,"template":"","format":"standard","meta":{"sfsi_plus_gutenberg_text_before_share":"","sfsi_plus_gutenberg_show_text_before_share":"","sfsi_plus_gutenberg_icon_type":"","sfsi_plus_gutenberg_icon_alignemt":"","sfsi_plus_gutenburg_max_per_row":"","footnotes":""},"categories":[2],"tags":[],"class_list":["post-112343","post","type-post","status-publish","format-standard","has-post-thumbnail","hentry","category-geral"],"_links":{"self":[{"href":"https:\/\/www.caririemacao.com\/1\/wp-json\/wp\/v2\/posts\/112343","targetHints":{"allow":["GET"]}}],"collection":[{"href":"https:\/\/www.caririemacao.com\/1\/wp-json\/wp\/v2\/posts"}],"about":[{"href":"https:\/\/www.caririemacao.com\/1\/wp-json\/wp\/v2\/types\/post"}],"author":[{"embeddable":true,"href":"https:\/\/www.caririemacao.com\/1\/wp-json\/wp\/v2\/users\/1"}],"replies":[{"embeddable":true,"href":"https:\/\/www.caririemacao.com\/1\/wp-json\/wp\/v2\/comments?post=112343"}],"version-history":[{"count":1,"href":"https:\/\/www.caririemacao.com\/1\/wp-json\/wp\/v2\/posts\/112343\/revisions"}],"predecessor-version":[{"id":112345,"href":"https:\/\/www.caririemacao.com\/1\/wp-json\/wp\/v2\/posts\/112343\/revisions\/112345"}],"wp:featuredmedia":[{"embeddable":true,"href":"https:\/\/www.caririemacao.com\/1\/wp-json\/wp\/v2\/media\/112344"}],"wp:attachment":[{"href":"https:\/\/www.caririemacao.com\/1\/wp-json\/wp\/v2\/media?parent=112343"}],"wp:term":[{"taxonomy":"category","embeddable":true,"href":"https:\/\/www.caririemacao.com\/1\/wp-json\/wp\/v2\/categories?post=112343"},{"taxonomy":"post_tag","embeddable":true,"href":"https:\/\/www.caririemacao.com\/1\/wp-json\/wp\/v2\/tags?post=112343"}],"curies":[{"name":"wp","href":"https:\/\/api.w.org\/{rel}","templated":true}]}}