{"id":112356,"date":"2019-08-28T12:58:29","date_gmt":"2019-08-28T15:58:29","guid":{"rendered":"http:\/\/www.caririemacao.com\/1\/?p=112356"},"modified":"2019-08-28T12:58:29","modified_gmt":"2019-08-28T15:58:29","slug":"saiba-quem-sao-os-senadores-da-paraiba-que-irao-ao-sos-transposicao-em-monteiro","status":"publish","type":"post","link":"https:\/\/www.caririemacao.com\/1\/2019\/08\/28\/saiba-quem-sao-os-senadores-da-paraiba-que-irao-ao-sos-transposicao-em-monteiro\/","title":{"rendered":"Saiba quem s\u00e3o os senadores da Para\u00edba que ir\u00e3o ao SOS Transposi\u00e7\u00e3o em Monteiro"},"content":{"rendered":"\n<p>No pr\u00f3ximo domingo (1\u00ba) acontece na cidade de Monteiro, no Cariri do Estado, um ato a favor da Transposi\u00e7\u00e3o do Rio S\u00e3o Francisco. A manifesta\u00e7\u00e3o, batizada como SOS Transposi\u00e7\u00e3o, est\u00e1 sendo coordenada pelo ex-governador Ricardo Coutinho (PSB).<\/p>\n\n\n\n<p>O ato tem levantado o debate sobre as condi\u00e7\u00f5es da Transposi\u00e7\u00e3o do Rio S\u00e3o Francisco e a falta de \u00e1gua pelos canais, al\u00e9m da gest\u00e3o do problema. Al\u00e9m disso, h\u00e1 quem acuse a manifesta\u00e7\u00e3o de ser meramente um ato pol\u00edtico.<\/p>\n\n\n\n<p>Por isso, a equipe de reportagem do ClickPB entrevistou os parlamentares paraibanos para saber quem dever\u00e1 ir e quem n\u00e3o pretende comparecer ao SOS Transposi\u00e7\u00e3o. A Para\u00edba atualmente conta com tr\u00eas senadores, que s\u00e3o Daniella Ribeiro, Jos\u00e9 Maranh\u00e3o e Veneziano.<\/p>\n\n\n\n<p>Entre os senadores, o senador Veneziano Vital (PSB) pretende ir at\u00e9 Monteiro e Daniella Ribeiro n\u00e3o estar\u00e1 presente.<\/p>\n\n\n\n<p><strong>Veneziano Vital (PSB)<\/strong><\/p>\n\n\n\n<p>O senador Veneziano Vital estava em Jo\u00e3o Pessoa at\u00e9 esta ter\u00e7a-feira (27) e retornou para Bras\u00edlia nesta quarta-feira (28). No entanto, ele pretende comparecer ao ato SOS Transposi\u00e7\u00e3o, que acontece em Monteiro no pr\u00f3ximo domingo (1\u00ba). Em entrevista concedida nesta ter\u00e7a-feira (27), Veneziano comentou que \u201cdependo apenas de saber como est\u00e1 a agenda no Senado. Mas \u00e9 muito prov\u00e1vel que eu esteja no domingo no ato em Monteiro\u201d.<\/p>\n\n\n\n<p><strong>Daniella Ribeiro (PP)<\/strong><\/p>\n\n\n\n<p>J\u00e1 a senadora Daniella Ribeiro n\u00e3o pretende ir at\u00e9 Monteiro no pr\u00f3ximo domingo (1\u00ba). A assessoria de imprensa da senadora informou ao ClickPB que o evento n\u00e3o est\u00e1 em sua agenda. Ela est\u00e1 em Bras\u00edlia e n\u00e3o tem certeza ainda se vir\u00e1 para a Para\u00edba neste fim de semana.<\/p>\n\n\n\n<p><strong>Jos\u00e9 Maranh\u00e3o (MDB)<\/strong><\/p>\n\n\n\n<p>O senador Jos\u00e9 Maranh\u00e3o n\u00e3o foi localizado pela equipe de reportagem do ClickPB at\u00e9 o fechamento desta mat\u00e9ria. A assessoria de imprensa dele ficou de retornar com o posicionamento do senador.<\/p>\n","protected":false},"excerpt":{"rendered":"<p>No pr\u00f3ximo domingo (1\u00ba) acontece na cidade de Monteiro, no Cariri do Estado, um ato a favor da Transposi\u00e7\u00e3o do Rio S\u00e3o Francisco. A manifesta\u00e7\u00e3o,&hellip; <\/p>\n","protected":false},"author":1,"featured_media":112357,"comment_status":"closed","ping_status":"closed","sticky":false,"template":"","format":"standard","meta":{"sfsi_plus_gutenberg_text_before_share":"","sfsi_plus_gutenberg_show_text_before_share":"","sfsi_plus_gutenberg_icon_type":"","sfsi_plus_gutenberg_icon_alignemt":"","sfsi_plus_gutenburg_max_per_row":"","footnotes":""},"categories":[11],"tags":[],"class_list":["post-112356","post","type-post","status-publish","format-standard","has-post-thumbnail","hentry","category-politica"],"_links":{"self":[{"href":"https:\/\/www.caririemacao.com\/1\/wp-json\/wp\/v2\/posts\/112356","targetHints":{"allow":["GET"]}}],"collection":[{"href":"https:\/\/www.caririemacao.com\/1\/wp-json\/wp\/v2\/posts"}],"about":[{"href":"https:\/\/www.caririemacao.com\/1\/wp-json\/wp\/v2\/types\/post"}],"author":[{"embeddable":true,"href":"https:\/\/www.caririemacao.com\/1\/wp-json\/wp\/v2\/users\/1"}],"replies":[{"embeddable":true,"href":"https:\/\/www.caririemacao.com\/1\/wp-json\/wp\/v2\/comments?post=112356"}],"version-history":[{"count":1,"href":"https:\/\/www.caririemacao.com\/1\/wp-json\/wp\/v2\/posts\/112356\/revisions"}],"predecessor-version":[{"id":112358,"href":"https:\/\/www.caririemacao.com\/1\/wp-json\/wp\/v2\/posts\/112356\/revisions\/112358"}],"wp:featuredmedia":[{"embeddable":true,"href":"https:\/\/www.caririemacao.com\/1\/wp-json\/wp\/v2\/media\/112357"}],"wp:attachment":[{"href":"https:\/\/www.caririemacao.com\/1\/wp-json\/wp\/v2\/media?parent=112356"}],"wp:term":[{"taxonomy":"category","embeddable":true,"href":"https:\/\/www.caririemacao.com\/1\/wp-json\/wp\/v2\/categories?post=112356"},{"taxonomy":"post_tag","embeddable":true,"href":"https:\/\/www.caririemacao.com\/1\/wp-json\/wp\/v2\/tags?post=112356"}],"curies":[{"name":"wp","href":"https:\/\/api.w.org\/{rel}","templated":true}]}}