{"id":112361,"date":"2019-08-28T15:02:05","date_gmt":"2019-08-28T18:02:05","guid":{"rendered":"http:\/\/www.caririemacao.com\/1\/?p=112361"},"modified":"2019-08-28T15:02:05","modified_gmt":"2019-08-28T18:02:05","slug":"apicultura-cariri-festival-do-mel-pode-ter-cerca-de-40-mil-visitantes-da-quinta-29-ao-sabado-31","status":"publish","type":"post","link":"https:\/\/www.caririemacao.com\/1\/2019\/08\/28\/apicultura-cariri-festival-do-mel-pode-ter-cerca-de-40-mil-visitantes-da-quinta-29-ao-sabado-31\/","title":{"rendered":"APICULTURA CARIRI: Festival do Mel pode ter cerca de 40 mil visitantes, da quinta (29) ao s\u00e1bado (31)"},"content":{"rendered":"\n<p>A cidade de S\u00e3o Jos\u00e9 dos Cordeiros realizar\u00e1 o Festival do Mel, destacando a apicultura e o turismo do Cariri paraibano. Desta quinta-feira (29) ao s\u00e1bado (31), a 11\u00aa edi\u00e7\u00e3o do evento traz ainda o Semin\u00e1rio de Integra\u00e7\u00e3o da Cadeia Produtiva da Apicultura e Meliponicultura da regi\u00e3o e o 5\u00ba Evento T\u00e9cnico Cient\u00edfico da \u00e1rea. Haver\u00e1 palestras, oficinas, exposi\u00e7\u00e3o de produtos e artesanatos. Solange Almeida, Cavalo de Pau e Z\u00e9 da Paz do Acordeon s\u00e3o algumas atra\u00e7\u00f5es musicais do Festival, na Pra\u00e7a Central.<\/p>\n\n\n\n<p>Cerca de 40 mil pessoas s\u00e3o esperadas, de acordo com a organiza\u00e7\u00e3o do evento. A capacita\u00e7\u00e3o foi planejada em parceria com o Grupo Verde de Agroecologia e Abelhas e com o Sebrae Para\u00edba. Houve inscri\u00e7\u00f5es para pesquisadores contribuindo com a obten\u00e7\u00e3o de dados para o desenvolvimento da cadeia produtiva do mel. O Semin\u00e1rio ser\u00e1 realizado no Clube Asa Branca, no Centro da cidade. Veja a programa\u00e7\u00e3o e hor\u00e1rios:<\/p>\n\n\n\n<figure class=\"wp-block-image\"><img decoding=\"async\" data-src=\"http:\/\/paraibadebate.com.br\/wp-content\/uploads\/2019\/08\/WhatsApp-Image-2019-08-28-at-10.07.30-1024x722.jpeg\" alt=\"\" class=\"wp-image-93550 lazyload\" src=\"data:image\/svg+xml;base64,PHN2ZyB3aWR0aD0iMSIgaGVpZ2h0PSIxIiB4bWxucz0iaHR0cDovL3d3dy53My5vcmcvMjAwMC9zdmciPjwvc3ZnPg==\" style=\"--smush-placeholder-width: 1024px; --smush-placeholder-aspect-ratio: 1024\/722;\" \/><\/figure>\n\n\n\n<p>O prefeito Jefferson Roberto informou que o Festival do Mel \u00e9 um dos maiores eventos tem\u00e1ticos da Para\u00edba. Este ano, ocorreu mais cedo devido a algumas dificuldades econ\u00f4micas enfrentadas pelas prefeituras exatamente no m\u00eas de setembro. \u201cAo trazermos a festa para agosto deveremos aumentar nosso fluxo tur\u00edstico e vamos garantir a sustentabilidade financeira do evento, sem comprometer despesas fixas\u201d, explicou o gestor.<\/p>\n\n\n\n<p>Segundo o secret\u00e1rio de Finan\u00e7as, Fel\u00edcio Queiroz, a prefeitura organizou melhor a infra-estrutura dos eventos tur\u00edsticos. \u201cMas atra\u00e7\u00f5es est\u00e3o garantidas, para que se possa manter a tradi\u00e7\u00e3o deste que j\u00e1 \u00e9 o mais aguardado evento do ano no Cariri\u201d, disse.<\/p>\n\n\n\n<p>Veja a programa\u00e7\u00e3o dos shows:<\/p>\n\n\n\n<figure class=\"wp-block-image\"><img decoding=\"async\" data-src=\"http:\/\/paraibadebate.com.br\/wp-content\/uploads\/2019\/08\/WhatsApp-Image-2019-08-28-at-10.07.32.jpeg\" alt=\"\" class=\"wp-image-93551 lazyload\" src=\"data:image\/svg+xml;base64,PHN2ZyB3aWR0aD0iMSIgaGVpZ2h0PSIxIiB4bWxucz0iaHR0cDovL3d3dy53My5vcmcvMjAwMC9zdmciPjwvc3ZnPg==\" \/><\/figure>\n\n\n\n<p><em>Vald\u00edvia Costa\/ PB Debate<\/em><\/p>\n","protected":false},"excerpt":{"rendered":"<p>A cidade de S\u00e3o Jos\u00e9 dos Cordeiros realizar\u00e1 o Festival do Mel, destacando a apicultura e o turismo do Cariri paraibano. Desta quinta-feira (29) ao&hellip; <\/p>\n","protected":false},"author":1,"featured_media":112362,"comment_status":"closed","ping_status":"closed","sticky":false,"template":"","format":"standard","meta":{"sfsi_plus_gutenberg_text_before_share":"","sfsi_plus_gutenberg_show_text_before_share":"","sfsi_plus_gutenberg_icon_type":"","sfsi_plus_gutenberg_icon_alignemt":"","sfsi_plus_gutenburg_max_per_row":"","footnotes":""},"categories":[2],"tags":[],"class_list":["post-112361","post","type-post","status-publish","format-standard","has-post-thumbnail","hentry","category-geral"],"_links":{"self":[{"href":"https:\/\/www.caririemacao.com\/1\/wp-json\/wp\/v2\/posts\/112361","targetHints":{"allow":["GET"]}}],"collection":[{"href":"https:\/\/www.caririemacao.com\/1\/wp-json\/wp\/v2\/posts"}],"about":[{"href":"https:\/\/www.caririemacao.com\/1\/wp-json\/wp\/v2\/types\/post"}],"author":[{"embeddable":true,"href":"https:\/\/www.caririemacao.com\/1\/wp-json\/wp\/v2\/users\/1"}],"replies":[{"embeddable":true,"href":"https:\/\/www.caririemacao.com\/1\/wp-json\/wp\/v2\/comments?post=112361"}],"version-history":[{"count":1,"href":"https:\/\/www.caririemacao.com\/1\/wp-json\/wp\/v2\/posts\/112361\/revisions"}],"predecessor-version":[{"id":112363,"href":"https:\/\/www.caririemacao.com\/1\/wp-json\/wp\/v2\/posts\/112361\/revisions\/112363"}],"wp:featuredmedia":[{"embeddable":true,"href":"https:\/\/www.caririemacao.com\/1\/wp-json\/wp\/v2\/media\/112362"}],"wp:attachment":[{"href":"https:\/\/www.caririemacao.com\/1\/wp-json\/wp\/v2\/media?parent=112361"}],"wp:term":[{"taxonomy":"category","embeddable":true,"href":"https:\/\/www.caririemacao.com\/1\/wp-json\/wp\/v2\/categories?post=112361"},{"taxonomy":"post_tag","embeddable":true,"href":"https:\/\/www.caririemacao.com\/1\/wp-json\/wp\/v2\/tags?post=112361"}],"curies":[{"name":"wp","href":"https:\/\/api.w.org\/{rel}","templated":true}]}}