{"id":112386,"date":"2019-08-29T07:31:28","date_gmt":"2019-08-29T10:31:28","guid":{"rendered":"http:\/\/www.caririemacao.com\/1\/?p=112386"},"modified":"2019-08-29T07:31:28","modified_gmt":"2019-08-29T10:31:28","slug":"em-lima-brasileira-vai-em-busca-de-desafio-maior-que-ganhar-medalha","status":"publish","type":"post","link":"https:\/\/www.caririemacao.com\/1\/2019\/08\/29\/em-lima-brasileira-vai-em-busca-de-desafio-maior-que-ganhar-medalha\/","title":{"rendered":"Em Lima, brasileira vai em busca de desafio maior que ganhar medalha"},"content":{"rendered":"\n<p>  Caro leitor, tente se colocar nessa situa\u00e7\u00e3o: voc\u00ea, em uma bicicleta, andando por uma pista ou descendo em estradas sinuosas, em velocidade que supera os 45 quil\u00f4metros por hora (km\/h), tendo apenas 5% da vis\u00e3o e podendo escutar apenas alguns ru\u00eddos, j\u00e1 com o aux\u00edlio de duas pr\u00f3teses auditivas. Qual seria a sua rea\u00e7\u00e3o?A paraciclista Gilce C\u00f4rtes definiu assim a sensa\u00e7\u00e3o: \u201c\u00c9 explos\u00e3o total. Voc\u00ea nem sabe aonde est\u00e1, s\u00f3 quero dar o m\u00e1ximo de mim\u201d. A paulista faz parte da equipe de 12 atletas que est\u00e3o em Lima, no Peru, representando o Brasil nos Jogos Parapan-Americanos, e come\u00e7a nesta quinta-feira (29) a \u00faltima etapa do desafio, as provas de estrada.<br>S\u00edndrome de UsherGilce \u00e9 portadora da S\u00edndrome de Usher, que associa perda de vis\u00e3o e audi\u00e7\u00e3o. \u201cEla \u00e9 degenerativa e gen\u00e9tica. Vou perdendo, a cada dia, um pouco da vis\u00e3o e da audi\u00e7\u00e3o. Ela s\u00f3 vai parar quando eu estiver totalmente surda e cega\u201d. Pela medicina atual, essa s\u00edndrome \u00e9 incur\u00e1vel. \u201cOs m\u00e9dicos me aconselham a n\u00e3o tomar sol nos olhos e n\u00e3o passar por situa\u00e7\u00f5es de estresse. O ciclismo me traz adrenalina boa. \u00c9 isso que preciso\u201d.<br>Casamento com o paradesporto\u201cO ciclismo chegou por acaso. Eu nunca tinha praticado nenhuma modalidade. A defici\u00eancia veio para mostrar que se pode ir muito al\u00e9m\u201d. Em um ano e meio no esporte, ela est\u00e1 indo bem longe. J\u00e1 ganhou medalha de prata na prova de resist\u00eancia, no Circuito Pan-Americano em 2018, e de bronze na prova de resist\u00eancia de estrada do mesmo torneio, nesse ano. O convite para pedalar partiu da personal trainer Lorena de Oliveira. \u201cNos treinos a gente ficou muito amiga, eu tive vontade de voltar a pedalar e ela topou a ideia. Estamos nessa e est\u00e1 sendo demais\u201d.<br>Disputas em duplasA guia vai na frente ditando o ritmo. A ciclista vai atr\u00e1s, tentando manter o ritmo e dar estabilidade \u00e0 bicicleta.As bicicletas s\u00e3o bem diferentes em rela\u00e7\u00e3o \u00e0s provas de pista e de estrada. A guia Lorena explica as diferen\u00e7as: \u201cAqui no vel\u00f3dromo, a\u00a0<em>bike<\/em>\u00a0n\u00e3o tem freio nem marchas. Ela \u00e9 bem mais<em>\u00a0clean\u00a0<\/em>e mais leve. Na estrada, o equipamento j\u00e1 \u00e9 bem mais pesado. Como as provas s\u00e3o mais longas, a\u00a0<em>bike<\/em>\u00a0precisa ser mais resistente\u201d.<\/p>\n","protected":false},"excerpt":{"rendered":"<p>Caro leitor, tente se colocar nessa situa\u00e7\u00e3o: voc\u00ea, em uma bicicleta, andando por uma pista ou descendo em estradas sinuosas, em velocidade que supera os&hellip; <\/p>\n","protected":false},"author":1,"featured_media":3103,"comment_status":"closed","ping_status":"closed","sticky":false,"template":"","format":"standard","meta":{"sfsi_plus_gutenberg_text_before_share":"","sfsi_plus_gutenberg_show_text_before_share":"","sfsi_plus_gutenberg_icon_type":"","sfsi_plus_gutenberg_icon_alignemt":"","sfsi_plus_gutenburg_max_per_row":"","footnotes":""},"categories":[13],"tags":[],"class_list":["post-112386","post","type-post","status-publish","format-standard","has-post-thumbnail","hentry","category-esportes"],"_links":{"self":[{"href":"https:\/\/www.caririemacao.com\/1\/wp-json\/wp\/v2\/posts\/112386","targetHints":{"allow":["GET"]}}],"collection":[{"href":"https:\/\/www.caririemacao.com\/1\/wp-json\/wp\/v2\/posts"}],"about":[{"href":"https:\/\/www.caririemacao.com\/1\/wp-json\/wp\/v2\/types\/post"}],"author":[{"embeddable":true,"href":"https:\/\/www.caririemacao.com\/1\/wp-json\/wp\/v2\/users\/1"}],"replies":[{"embeddable":true,"href":"https:\/\/www.caririemacao.com\/1\/wp-json\/wp\/v2\/comments?post=112386"}],"version-history":[{"count":1,"href":"https:\/\/www.caririemacao.com\/1\/wp-json\/wp\/v2\/posts\/112386\/revisions"}],"predecessor-version":[{"id":112387,"href":"https:\/\/www.caririemacao.com\/1\/wp-json\/wp\/v2\/posts\/112386\/revisions\/112387"}],"wp:featuredmedia":[{"embeddable":true,"href":"https:\/\/www.caririemacao.com\/1\/wp-json\/wp\/v2\/media\/3103"}],"wp:attachment":[{"href":"https:\/\/www.caririemacao.com\/1\/wp-json\/wp\/v2\/media?parent=112386"}],"wp:term":[{"taxonomy":"category","embeddable":true,"href":"https:\/\/www.caririemacao.com\/1\/wp-json\/wp\/v2\/categories?post=112386"},{"taxonomy":"post_tag","embeddable":true,"href":"https:\/\/www.caririemacao.com\/1\/wp-json\/wp\/v2\/tags?post=112386"}],"curies":[{"name":"wp","href":"https:\/\/api.w.org\/{rel}","templated":true}]}}