{"id":112402,"date":"2019-08-29T07:44:53","date_gmt":"2019-08-29T10:44:53","guid":{"rendered":"http:\/\/www.caririemacao.com\/1\/?p=112402"},"modified":"2019-08-29T07:44:53","modified_gmt":"2019-08-29T10:44:53","slug":"radares-em-areas-de-risco-comecam-a-ser-retirados-de-rodovias-no-rio","status":"publish","type":"post","link":"https:\/\/www.caririemacao.com\/1\/2019\/08\/29\/radares-em-areas-de-risco-comecam-a-ser-retirados-de-rodovias-no-rio\/","title":{"rendered":"Radares em \u00e1reas de risco come\u00e7am a ser retirados de rodovias no Rio"},"content":{"rendered":"\n<p>O\u00a0Departamento de Estradas de Rodagem do Rio (DER-RJ) desativou, nos dois \u00faltimos dois dias, 15 radares instalados em \u00e1reas de risco de rodovias estaduais que constam da primeira lista elaborada pelo Batalh\u00e3o de Pol\u00edcia Rodovi\u00e1ria (BPRv) da Pol\u00edcia Militar. O desligamento \u00e9 feito em cumprimento \u00e0 lei estadual, que determina que os radares sejam desativados em \u00e1reas que coloquem em risco a vida dos motoristas.Para n\u00e3o confundir os motoristas, os equipamentos que foram desligados ser\u00e3o removidos gradativamente e ficar\u00e3o cobertos por pl\u00e1sticos pretos. A retirada come\u00e7ar\u00e1 na semana que vem.A desativa\u00e7\u00e3o dos radares incluiu duas importantes rodovias estaduais: a RJ-106, conhecida como Avenida Amaral Peixoto, e a RJ-104, nos munic\u00edpios de Niter\u00f3i e S\u00e3o Gon\u00e7alo, esse \u00faltimo com elevado n\u00famero de roubos de cargas e de motoristas de carros de passeio. Todos os trechos contemplados ficam dentro dos limites das duas cidades, na regi\u00e3o metropolitana do Rio. Nesses locais, o DER tamb\u00e9m est\u00e1 retirando as placas de sinaliza\u00e7\u00e3o que orientavam os motoristas sobre a exist\u00eancia de fiscaliza\u00e7\u00e3o eletr\u00f4nica.De acordo com o presidente do DER-RJ, Uruan Cintra de Andrade, \u201co DER est\u00e1 cumprindo a lei, desligando os radares em \u00e1reas de risco, o que j\u00e1 deveria ter sido feito. O governo do estado est\u00e1 atento \u00e0s demandas da popula\u00e7\u00e3o. Onde houver \u00e1rea de risco indicada pela Pol\u00edcia Rodovi\u00e1ria, e ratificada pela nossa equipe t\u00e9cnica, haver\u00e1 a retirada de radares\u201d, afirmou.A primeira lista com a localiza\u00e7\u00e3o dos equipamentos em \u00e1reas de risco foi encaminhada ao DER ap\u00f3s um encontro, em junho, entre o presidente do \u00f3rg\u00e3o e o Coronel Porto, comandante do Batalh\u00e3o de Pol\u00edcia Rodovi\u00e1ria, que \u00e9 a unidade da Pol\u00edcia Militar respons\u00e1vel por monitorar as estradas estaduais.O DER informou ainda que o mapeamento dos radares est\u00e1 sendo feito com base nos indicadores criminais de seguran\u00e7a p\u00fablica. Com base em novas informa\u00e7\u00f5es da Pol\u00edcia Militar, outros equipamentos poder\u00e3o ser retirados das estradas estaduais, depois de estudo t\u00e9cnico da Diretoria de Opera\u00e7\u00e3o, Monitoramento e Controle de Tr\u00e2nsito do \u00f3rg\u00e3o, para dar continuidade ao cumprimento da legisla\u00e7\u00e3o.<\/p>\n","protected":false},"excerpt":{"rendered":"<p>O\u00a0Departamento de Estradas de Rodagem do Rio (DER-RJ) desativou, nos dois \u00faltimos dois dias, 15 radares instalados em \u00e1reas de risco de rodovias estaduais que&hellip; <\/p>\n","protected":false},"author":1,"featured_media":87413,"comment_status":"closed","ping_status":"closed","sticky":false,"template":"","format":"standard","meta":{"sfsi_plus_gutenberg_text_before_share":"","sfsi_plus_gutenberg_show_text_before_share":"","sfsi_plus_gutenberg_icon_type":"","sfsi_plus_gutenberg_icon_alignemt":"","sfsi_plus_gutenburg_max_per_row":"","footnotes":""},"categories":[2],"tags":[],"class_list":["post-112402","post","type-post","status-publish","format-standard","has-post-thumbnail","hentry","category-geral"],"_links":{"self":[{"href":"https:\/\/www.caririemacao.com\/1\/wp-json\/wp\/v2\/posts\/112402","targetHints":{"allow":["GET"]}}],"collection":[{"href":"https:\/\/www.caririemacao.com\/1\/wp-json\/wp\/v2\/posts"}],"about":[{"href":"https:\/\/www.caririemacao.com\/1\/wp-json\/wp\/v2\/types\/post"}],"author":[{"embeddable":true,"href":"https:\/\/www.caririemacao.com\/1\/wp-json\/wp\/v2\/users\/1"}],"replies":[{"embeddable":true,"href":"https:\/\/www.caririemacao.com\/1\/wp-json\/wp\/v2\/comments?post=112402"}],"version-history":[{"count":1,"href":"https:\/\/www.caririemacao.com\/1\/wp-json\/wp\/v2\/posts\/112402\/revisions"}],"predecessor-version":[{"id":112404,"href":"https:\/\/www.caririemacao.com\/1\/wp-json\/wp\/v2\/posts\/112402\/revisions\/112404"}],"wp:featuredmedia":[{"embeddable":true,"href":"https:\/\/www.caririemacao.com\/1\/wp-json\/wp\/v2\/media\/87413"}],"wp:attachment":[{"href":"https:\/\/www.caririemacao.com\/1\/wp-json\/wp\/v2\/media?parent=112402"}],"wp:term":[{"taxonomy":"category","embeddable":true,"href":"https:\/\/www.caririemacao.com\/1\/wp-json\/wp\/v2\/categories?post=112402"},{"taxonomy":"post_tag","embeddable":true,"href":"https:\/\/www.caririemacao.com\/1\/wp-json\/wp\/v2\/tags?post=112402"}],"curies":[{"name":"wp","href":"https:\/\/api.w.org\/{rel}","templated":true}]}}