{"id":112409,"date":"2019-08-29T07:50:11","date_gmt":"2019-08-29T10:50:11","guid":{"rendered":"http:\/\/www.caririemacao.com\/1\/?p=112409"},"modified":"2019-08-29T07:50:11","modified_gmt":"2019-08-29T10:50:11","slug":"sete-em-cada-dez-brasileiros-acessam-a-internet-diz-pesquisa","status":"publish","type":"post","link":"https:\/\/www.caririemacao.com\/1\/2019\/08\/29\/sete-em-cada-dez-brasileiros-acessam-a-internet-diz-pesquisa\/","title":{"rendered":"Sete em cada dez brasileiros acessam a internet, diz pesquisa"},"content":{"rendered":"\n<p> Sete em cada dez brasileiros acessam a internet, segundo a\u00a0<a rel=\"noreferrer noopener\" href=\"http:\/\/xn--jonas%20valente%20%20reprter%20agncia%20brasil-kde63b9721k\/\" target=\"_blank\">pesquisa TIC Domic\u00edlios 2018<\/a>, divulgada hoje (28). O levantamento mostra a evolu\u00e7\u00e3o da conectividade no Brasil, registra o papel persistente das desigualdades de renda e regionais e aponta o crescimento de aplica\u00e7\u00f5es diversas, como as de mobilidade e de consumo de v\u00eddeo e m\u00fasica.<\/p>\n\n\n\n<p>O estudo foi elaborado pelo Centro Regional de Estudos para o Desenvolvimento da Sociedade da Informa\u00e7\u00e3o, \u00f3rg\u00e3o ligado ao Comit\u00ea Gestor da Internet. A cada ano, uma nova edi\u00e7\u00e3o \u00e9 lan\u00e7ada avaliando os n\u00fameros da conectividade da popula\u00e7\u00e3o brasileira e h\u00e1bitos de uso das tecnologias digitais&nbsp;<em>online<\/em>. A amostra desta edi\u00e7\u00e3o considerou 23,5 mil domic\u00edlios em 350 munic\u00edpios.<\/p>\n\n\n\n<p>Entre 2008 e 2019, o \u00edndice de brasileiros na Rede Mundial de Computadores saiu de 34% para 70%. O percentual \u00e9 mais alto do que a m\u00e9dia mundial (48,5%), conforme o Banco Mundial. Tomando como base os&nbsp;<a href=\"https:\/\/data.worldbank.org\/indicator\/IT.NET.USER.ZS\" target=\"_blank\" rel=\"noreferrer noopener\">dados mais atualizados&nbsp;<\/a>da institui\u00e7\u00e3o sobre a penetra\u00e7\u00e3o dos pa\u00edses em todo o planeta, o Brasil ficaria na 83\u00aa posi\u00e7\u00e3o em uma lista com mais de 200 pa\u00edses .<\/p>\n\n\n\n<h2 class=\"wp-block-heading\">Desigualdade<\/h2>\n\n\n\n<p>Apesar do crescimento, a desigualdade na presen\u00e7a dos brasileiros no mundo&nbsp;<em>online<\/em>continua em diversos aspectos. No tocante \u00e0 renda, enquanto o percentual nas classes A e B \u00e9 de cerca de 92%, nas classes D e E ficou em 48%. A penetra\u00e7\u00e3o da Rede Mundial de Computadores atinge 74% nos centros urbanos, mas n\u00e3o alcan\u00e7a metade (49%) nas \u00e1reas rurais.<\/p>\n\n\n\n<p>\u201cQuando a gente pergunta aos domic\u00edlios que n\u00e3o t\u00eam internet, o motivo mais mencionado ainda \u00e9 pre\u00e7o. Para uma parcela da popula\u00e7\u00e3o internet ainda \u00e9 servi\u00e7o caro\u201d, disse Winston Oyadomari, coordenador do estudo. Em raz\u00e3o desta barreira econ\u00f4mica, a grande maioria das pessoas nas camadas mais pobres t\u00eam que recorrer a internet m\u00f3vel para utilizar a web.<\/p>\n\n\n\n<p>O levantamento revela como a internet m\u00f3vel tem se tornado, cada vez mais, a fonte exclusive de conectividade de muitas pessoas. O \u00edndice de quem acessa a web apenas pelo celular saiu cresceu quase tr\u00eas vezes entre 2014 e 2018 (de 20% para 56%). Enquanto isso, a conectividade exclusiva por computador caiu no mesmo per\u00edodo de 24% para 3% e o percentual de quem recorre aos dois meios tamb\u00e9m foi reduzido, de 56% para 40%.<\/p>\n\n\n\n<p>O coordenador da pesquisa disse que as barreiras econ\u00f4micas fazem com que muitas pessoas n\u00e3o consigam sequer contratar um pacote, mas necessitem de redes de&nbsp;<em>wi fi&nbsp;<\/em>gratuitas para navegar na web. \u201cN\u00e3o tem desembolso, facilita bastante. No entanto, essa depend\u00eancia dessa conex\u00e3o faz com que as atividades sejam mais restritas e a frequ\u00eancia seja menor do que quem usa por banda larga\u201d, disse.<\/p>\n\n\n\n<figure class=\"wp-block-image\"><img decoding=\"async\" data-src=\"http:\/\/imagens.ebc.com.br\/WXFTd2XkSphVuUPo-w-OyRZXYmc=\/754x0\/smart\/http:\/\/agenciabrasil.ebc.com.br\/sites\/default\/files\/thumbnails\/image\/info_pesquisa_tic_2018.png?itok=prDRxz0f\" alt=\"pesquisa sobre uso da internet - TIC Domic\u00edlios 2018\" src=\"data:image\/svg+xml;base64,PHN2ZyB3aWR0aD0iMSIgaGVpZ2h0PSIxIiB4bWxucz0iaHR0cDovL3d3dy53My5vcmcvMjAwMC9zdmciPjwvc3ZnPg==\" class=\"lazyload\" \/><\/figure>\n\n\n\n<p>Pesquisa sobre uso da internet &#8211; TIC Domic\u00edlios 2018 &#8211;&nbsp;<strong>Arte\/EBC<\/strong><\/p>\n\n\n\n<h2 class=\"wp-block-heading\">Redes sociais<\/h2>\n\n\n\n<p>A advogada e integrante do Comit\u00ea Gestor da Internet, Fl\u00e1via Lef\u00e9vre, destaca que essas restri\u00e7\u00f5es criam uma forma de acesso bastante diferenciada entre as classes sociais no pa\u00eds. Os mais pobres ficam ref\u00e9ns de pacotes limitados. No caso dos chamados servi\u00e7os gratuitos, quando os dados terminam a pessoa passa a poder navegar somente naqueles servi\u00e7os, especialmente redes sociais como Facebook, Instagram e WhatsApp.<\/p>\n\n\n\n<p>A pesquisa mostra esse fen\u00f4meno. Os&nbsp;<em>apps&nbsp;<\/em>de mensagem (como Whatsapp ou FB Messenger) foram os mais utilizados entre os entrevistados (92%), seguidos por redes sociais como Facebook, Instagram e Twitter (75%), assistir a v\u00eddeos ou ouvir m\u00fasica na&nbsp;<em>web&nbsp;<\/em>(73%), enviar e-mails (57%), ler not\u00edcias&nbsp;<em>online&nbsp;<\/em>(56%) e procurar informa\u00e7\u00f5es sobre produtos e servi\u00e7os (55%).<\/p>\n\n\n\n<p>\u201cEsse cen\u00e1rio cria um ambiente para campanhas de desinforma\u00e7\u00e3o, na medida em que, por conta dos planos com franquia associados a zero&nbsp;<em>rating<\/em>[permiss\u00e3o de acesso \u2018gratuito\u2019 ou sem consumo de dados de determinados servi\u00e7os&nbsp;<em>online<\/em>, como&nbsp;<em>apps&nbsp;<\/em>de redes sociais e mensagens], milh\u00f5es de brasileiros ficam vulner\u00e1veis \u00e0 mensagens no WhatsApp e ao impulsionamento de not\u00edcias falsas pelo Facebook, sem que possam acessar outros sites de internet para conferir\u201d, disse a advogada.<\/p>\n\n\n\n<figure class=\"wp-block-image\"><img decoding=\"async\" data-src=\"http:\/\/imagens.ebc.com.br\/3rs1NbNThdu-lHxQzOI5aqMckOA=\/365x0\/smart\/http:\/\/agenciabrasil.ebc.com.br\/sites\/default\/files\/atoms\/image\/celular_2017.jpg?itok=L8C22B6r\" alt=\"O sistema envia o alerta por mensagens de texto para os celulares em caso de imin\u00eancia de desastres naturais\" src=\"data:image\/svg+xml;base64,PHN2ZyB3aWR0aD0iMSIgaGVpZ2h0PSIxIiB4bWxucz0iaHR0cDovL3d3dy53My5vcmcvMjAwMC9zdmciPjwvc3ZnPg==\" class=\"lazyload\" \/><\/figure>\n\n\n\n<p>Internet m\u00f3vel tem se tornado fonte exclusive de conectividade de muitas pessoas&nbsp;<strong>Ag\u00eancia Brasil\/EBC<\/strong><\/p>\n\n\n\n<h2 class=\"wp-block-heading\">Aplica\u00e7\u00f5es<\/h2>\n\n\n\n<p>A pesquisa analisou, pela primeira vez, h\u00e1bitos relacionados a aplica\u00e7\u00f5es espec\u00edficas. Do total de entrevistados, 32% relataram ter usado app para transporte privado (como Uber ou 99 Taxi), 28% informaram ter contratado um&nbsp;<em>streaming<\/em>de v\u00eddeo para assistir a uma s\u00e9rie ou filme, 12% pediram comida em servi\u00e7os de entrega e 8% pagaram por m\u00fasica.<\/p>\n\n\n\n<p>No tocante a com\u00e9rcio eletr\u00f4nico, 60% disseram pesquisar produtos ou servi\u00e7os em sites, 34% compraram ou encomendaram alguma mercadoria e 19% divulgaram ou venderam algum item pela Internet. Este \u00faltimo h\u00e1bito foi o que registrou maior crescimento: saiu de 7% em 2012 para quase 20% dos internautas no ano passado.<\/p>\n\n\n\n<h2 class=\"wp-block-heading\">Uso intenso<\/h2>\n\n\n\n<p>Al\u00e9m de medir os tipos de uso, a pesquisa tamb\u00e9m mensurou a intensidade da navega\u00e7\u00e3o dos entrevistados. Entre os entrevistados, 90% disseram se conectar todos os dias e 8% pelo menos uma vez por semana. Em 2014, o \u00edndice era 71%, indicando uma populariza\u00e7\u00e3o da web no pa\u00eds. Assim como em outros indicadores, a renda influencia diretamente, com frequ\u00eancia menor entre os mais pobres e maior entre os mais ricos.<\/p>\n\n\n\n<p>Na avalia\u00e7\u00e3o do Sindicato Nacional das Empresas de Telefonia e do Servi\u00e7o M\u00f3vel Celular e Pessoal (Sinditelebrasil), a pr\u00e1tica cotidiana dos brasileiros de navegarem na&nbsp;<em>web&nbsp;<\/em>sugere um crescimento tamb\u00e9m do tr\u00e1fego de dados (os textos, imagens e v\u00eddeos vistos, publicados e compartilhados diariamente).&nbsp;<\/p>\n\n\n\n<p>Para a entidade, essas informa\u00e7\u00f5es refor\u00e7am a necessidade de atualiza\u00e7\u00e3o das leis municipais para a instala\u00e7\u00e3o de antenas e fibra \u00f3ptica. \u201cNo Brasil, grandes cidades, como S\u00e3o Paulo e Belo Horizonte, est\u00e3o com leis ultrapassadas que est\u00e3o impedindo a expans\u00e3o dos servi\u00e7os e o atendimento adequado \u00e0 demanda\u201d.<\/p>\n","protected":false},"excerpt":{"rendered":"<p>Sete em cada dez brasileiros acessam a internet, segundo a\u00a0pesquisa TIC Domic\u00edlios 2018, divulgada hoje (28). O levantamento mostra a evolu\u00e7\u00e3o da conectividade no Brasil,&hellip; <\/p>\n","protected":false},"author":1,"featured_media":68679,"comment_status":"closed","ping_status":"closed","sticky":false,"template":"","format":"standard","meta":{"sfsi_plus_gutenberg_text_before_share":"","sfsi_plus_gutenberg_show_text_before_share":"","sfsi_plus_gutenberg_icon_type":"","sfsi_plus_gutenberg_icon_alignemt":"","sfsi_plus_gutenburg_max_per_row":"","footnotes":""},"categories":[2],"tags":[],"class_list":["post-112409","post","type-post","status-publish","format-standard","has-post-thumbnail","hentry","category-geral"],"_links":{"self":[{"href":"https:\/\/www.caririemacao.com\/1\/wp-json\/wp\/v2\/posts\/112409","targetHints":{"allow":["GET"]}}],"collection":[{"href":"https:\/\/www.caririemacao.com\/1\/wp-json\/wp\/v2\/posts"}],"about":[{"href":"https:\/\/www.caririemacao.com\/1\/wp-json\/wp\/v2\/types\/post"}],"author":[{"embeddable":true,"href":"https:\/\/www.caririemacao.com\/1\/wp-json\/wp\/v2\/users\/1"}],"replies":[{"embeddable":true,"href":"https:\/\/www.caririemacao.com\/1\/wp-json\/wp\/v2\/comments?post=112409"}],"version-history":[{"count":1,"href":"https:\/\/www.caririemacao.com\/1\/wp-json\/wp\/v2\/posts\/112409\/revisions"}],"predecessor-version":[{"id":112410,"href":"https:\/\/www.caririemacao.com\/1\/wp-json\/wp\/v2\/posts\/112409\/revisions\/112410"}],"wp:featuredmedia":[{"embeddable":true,"href":"https:\/\/www.caririemacao.com\/1\/wp-json\/wp\/v2\/media\/68679"}],"wp:attachment":[{"href":"https:\/\/www.caririemacao.com\/1\/wp-json\/wp\/v2\/media?parent=112409"}],"wp:term":[{"taxonomy":"category","embeddable":true,"href":"https:\/\/www.caririemacao.com\/1\/wp-json\/wp\/v2\/categories?post=112409"},{"taxonomy":"post_tag","embeddable":true,"href":"https:\/\/www.caririemacao.com\/1\/wp-json\/wp\/v2\/tags?post=112409"}],"curies":[{"name":"wp","href":"https:\/\/api.w.org\/{rel}","templated":true}]}}