{"id":112415,"date":"2019-08-29T07:58:56","date_gmt":"2019-08-29T10:58:56","guid":{"rendered":"http:\/\/www.caririemacao.com\/1\/?p=112415"},"modified":"2019-08-29T07:58:56","modified_gmt":"2019-08-29T10:58:56","slug":"continuam-abertas-inscricoes-para-1a-capacitacao-em-uti-do-cec-educacional","status":"publish","type":"post","link":"https:\/\/www.caririemacao.com\/1\/2019\/08\/29\/continuam-abertas-inscricoes-para-1a-capacitacao-em-uti-do-cec-educacional\/","title":{"rendered":"Continuam abertas inscri\u00e7\u00f5es para 1\u00aa Capacita\u00e7\u00e3o em UTI do CEC EDUCACIONAL"},"content":{"rendered":"\n<p>Os profissionais que s\u00e3o da \u00e1rea de sa\u00fade e querem uma excelente capacita\u00e7\u00e3o tem que se ligar nesse curso.<br>Uma grande oportunidade de crescimento profissional para quem j\u00e1 est\u00e1 na \u00e1rea e para quem pretende adquirir mais conhecimento sobre UTI.<br>Corra e reserve agora sua vaga. Quer saber mais pode falar via WhatsApp 83 99675-6570.<br>Estamos esperando por vc.<\/p>\n","protected":false},"excerpt":{"rendered":"<p>Os profissionais que s\u00e3o da \u00e1rea de sa\u00fade e querem uma excelente capacita\u00e7\u00e3o tem que se ligar nesse curso.Uma grande oportunidade de crescimento profissional para&hellip; <\/p>\n","protected":false},"author":1,"featured_media":39719,"comment_status":"closed","ping_status":"closed","sticky":false,"template":"","format":"standard","meta":{"sfsi_plus_gutenberg_text_before_share":"","sfsi_plus_gutenberg_show_text_before_share":"","sfsi_plus_gutenberg_icon_type":"","sfsi_plus_gutenberg_icon_alignemt":"","sfsi_plus_gutenburg_max_per_row":"","footnotes":""},"categories":[2],"tags":[],"class_list":["post-112415","post","type-post","status-publish","format-standard","has-post-thumbnail","hentry","category-geral"],"_links":{"self":[{"href":"https:\/\/www.caririemacao.com\/1\/wp-json\/wp\/v2\/posts\/112415","targetHints":{"allow":["GET"]}}],"collection":[{"href":"https:\/\/www.caririemacao.com\/1\/wp-json\/wp\/v2\/posts"}],"about":[{"href":"https:\/\/www.caririemacao.com\/1\/wp-json\/wp\/v2\/types\/post"}],"author":[{"embeddable":true,"href":"https:\/\/www.caririemacao.com\/1\/wp-json\/wp\/v2\/users\/1"}],"replies":[{"embeddable":true,"href":"https:\/\/www.caririemacao.com\/1\/wp-json\/wp\/v2\/comments?post=112415"}],"version-history":[{"count":1,"href":"https:\/\/www.caririemacao.com\/1\/wp-json\/wp\/v2\/posts\/112415\/revisions"}],"predecessor-version":[{"id":112416,"href":"https:\/\/www.caririemacao.com\/1\/wp-json\/wp\/v2\/posts\/112415\/revisions\/112416"}],"wp:featuredmedia":[{"embeddable":true,"href":"https:\/\/www.caririemacao.com\/1\/wp-json\/wp\/v2\/media\/39719"}],"wp:attachment":[{"href":"https:\/\/www.caririemacao.com\/1\/wp-json\/wp\/v2\/media?parent=112415"}],"wp:term":[{"taxonomy":"category","embeddable":true,"href":"https:\/\/www.caririemacao.com\/1\/wp-json\/wp\/v2\/categories?post=112415"},{"taxonomy":"post_tag","embeddable":true,"href":"https:\/\/www.caririemacao.com\/1\/wp-json\/wp\/v2\/tags?post=112415"}],"curies":[{"name":"wp","href":"https:\/\/api.w.org\/{rel}","templated":true}]}}