{"id":112420,"date":"2019-08-29T08:07:17","date_gmt":"2019-08-29T11:07:17","guid":{"rendered":"http:\/\/www.caririemacao.com\/1\/?p=112420"},"modified":"2019-08-29T08:07:17","modified_gmt":"2019-08-29T11:07:17","slug":"tce-aprova-contas-de-2017-do-prefeito-de-camalau-sandro-moco","status":"publish","type":"post","link":"https:\/\/www.caririemacao.com\/1\/2019\/08\/29\/tce-aprova-contas-de-2017-do-prefeito-de-camalau-sandro-moco\/","title":{"rendered":"TCE aprova contas de 2017 do prefeito de Camala\u00fa Sandro M\u00f4co"},"content":{"rendered":"\n<p>O prefeito de Camala\u00fa Sandro M\u00f4co obteve do Tribunal de Contas do Estado da Para\u00edba, nesta quinta-feira (02) o parecer favor\u00e1vel \u00e0 aprova\u00e7\u00e3o das contas de 2017.<br>O prefeito comemorou a aprova\u00e7\u00e3o atrav\u00e9s das redes sociais e falou da gratid\u00e3o ao povo de Camala\u00fa: \u201cHoje tivemos a aprova\u00e7\u00e3o de nossas contas do ano de 2017, \u00e9 motivo de muita alegria e temos de comemorar mais essa conquista com o povo de Camala\u00fa que concedeu a mim e a meu vice-prefeito Kiel a oportunidade de conduzir o munic\u00edpio com seriedade e zelo pelos recursos p\u00fablicos\u201d disse Sandro.<br>&nbsp;\u201cO trabalhado que vem sendo desenvolvido em Camala\u00fa \u00e9 realmente uma nova hist\u00f3ria, e conseguimos devolver aos camalauenses a auto estima atrav\u00e9s de um trabalho voltado para os que necessitam da aten\u00e7\u00e3o dos servi\u00e7os p\u00fablicos\u201d disse o vice prefeito Kiel.<br>A aprova\u00e7\u00e3o mostra o compromisso da gest\u00e3o em sempre prestar um servi\u00e7o de qualidade e o empenho em administrar os recursos p\u00fablicos.<\/p>\n","protected":false},"excerpt":{"rendered":"<p>O prefeito de Camala\u00fa Sandro M\u00f4co obteve do Tribunal de Contas do Estado da Para\u00edba, nesta quinta-feira (02) o parecer favor\u00e1vel \u00e0 aprova\u00e7\u00e3o das contas&hellip; <\/p>\n","protected":false},"author":1,"featured_media":112422,"comment_status":"closed","ping_status":"closed","sticky":false,"template":"","format":"standard","meta":{"sfsi_plus_gutenberg_text_before_share":"","sfsi_plus_gutenberg_show_text_before_share":"","sfsi_plus_gutenberg_icon_type":"","sfsi_plus_gutenberg_icon_alignemt":"","sfsi_plus_gutenburg_max_per_row":"","footnotes":""},"categories":[2],"tags":[],"class_list":["post-112420","post","type-post","status-publish","format-standard","has-post-thumbnail","hentry","category-geral"],"_links":{"self":[{"href":"https:\/\/www.caririemacao.com\/1\/wp-json\/wp\/v2\/posts\/112420","targetHints":{"allow":["GET"]}}],"collection":[{"href":"https:\/\/www.caririemacao.com\/1\/wp-json\/wp\/v2\/posts"}],"about":[{"href":"https:\/\/www.caririemacao.com\/1\/wp-json\/wp\/v2\/types\/post"}],"author":[{"embeddable":true,"href":"https:\/\/www.caririemacao.com\/1\/wp-json\/wp\/v2\/users\/1"}],"replies":[{"embeddable":true,"href":"https:\/\/www.caririemacao.com\/1\/wp-json\/wp\/v2\/comments?post=112420"}],"version-history":[{"count":1,"href":"https:\/\/www.caririemacao.com\/1\/wp-json\/wp\/v2\/posts\/112420\/revisions"}],"predecessor-version":[{"id":112423,"href":"https:\/\/www.caririemacao.com\/1\/wp-json\/wp\/v2\/posts\/112420\/revisions\/112423"}],"wp:featuredmedia":[{"embeddable":true,"href":"https:\/\/www.caririemacao.com\/1\/wp-json\/wp\/v2\/media\/112422"}],"wp:attachment":[{"href":"https:\/\/www.caririemacao.com\/1\/wp-json\/wp\/v2\/media?parent=112420"}],"wp:term":[{"taxonomy":"category","embeddable":true,"href":"https:\/\/www.caririemacao.com\/1\/wp-json\/wp\/v2\/categories?post=112420"},{"taxonomy":"post_tag","embeddable":true,"href":"https:\/\/www.caririemacao.com\/1\/wp-json\/wp\/v2\/tags?post=112420"}],"curies":[{"name":"wp","href":"https:\/\/api.w.org\/{rel}","templated":true}]}}