{"id":112436,"date":"2019-08-29T08:44:02","date_gmt":"2019-08-29T11:44:02","guid":{"rendered":"http:\/\/www.caririemacao.com\/1\/?p=112436"},"modified":"2019-08-29T08:44:02","modified_gmt":"2019-08-29T11:44:02","slug":"japao-debate-desenvolvimento-social-de-paises-africanos","status":"publish","type":"post","link":"https:\/\/www.caririemacao.com\/1\/2019\/08\/29\/japao-debate-desenvolvimento-social-de-paises-africanos\/","title":{"rendered":"Jap\u00e3o debate desenvolvimento social de pa\u00edses africanos"},"content":{"rendered":"\n<p>O segundo dia da 7\u00aa Confer\u00eancia Internacional de T\u00f3quio para o Desenvolvimento Africano (Ticad) debate nesta quinta-feira, em T\u00f3quio, os maiores obst\u00e1culos que impedem o crescimento econ\u00f4mico e o desenvolvimento social em diversas partes da \u00c1frica.A meta principal \u00e9 melhorar o acesso aos servi\u00e7os m\u00e9dicos b\u00e1sicos e de sa\u00fade p\u00fablica. Como um meio de lidar com essa quest\u00e3o, a cobertura universal de sa\u00fade &#8211; o princ\u00edpio de que qualquer um tem acesso \u00e0 sa\u00fade sem precisar enfrentar dificuldades financeiras &#8211; deve atrair as aten\u00e7\u00f5es do encontro.O Jap\u00e3o prometeu ajudar a levar o sistema de cobertura universal de sa\u00fade para tr\u00eas milh\u00f5es de africanos atrav\u00e9s de um programa patrocinado pelo governo nos pr\u00f3ximos tr\u00eas anos.Outra quest\u00e3o debatida \u00e9 a preven\u00e7\u00e3o da dissemina\u00e7\u00e3o de doen\u00e7as infecciosas, como, por exemplo, o v\u00edrus ebola.Em julho, a Organiza\u00e7\u00e3o Mundial da Sa\u00fade (OMS) declarou o recente surto de Ebola na Rep\u00fablica Democr\u00e1tica do Congo como uma emerg\u00eancia de sa\u00fade internacional.O Jap\u00e3o enviou sua equipe de assist\u00eancia em desastres ao pa\u00eds para ajudar a lidar com a doen\u00e7a infecciosa.Al\u00e9m dos servi\u00e7os de sa\u00fade p\u00fablica, as mudan\u00e7as clim\u00e1ticas e o meio ambiente ser\u00e3o outros t\u00f3picos dominantes.Os participantes tamb\u00e9m devem debater um compromisso para a redu\u00e7\u00e3o de lixo pl\u00e1stico, uma das principais causas da polui\u00e7\u00e3o nos mares.<\/p>\n","protected":false},"excerpt":{"rendered":"<p>O segundo dia da 7\u00aa Confer\u00eancia Internacional de T\u00f3quio para o Desenvolvimento Africano (Ticad) debate nesta quinta-feira, em T\u00f3quio, os maiores obst\u00e1culos que impedem o&hellip; <\/p>\n","protected":false},"author":1,"featured_media":112438,"comment_status":"closed","ping_status":"closed","sticky":false,"template":"","format":"standard","meta":{"sfsi_plus_gutenberg_text_before_share":"","sfsi_plus_gutenberg_show_text_before_share":"","sfsi_plus_gutenberg_icon_type":"","sfsi_plus_gutenberg_icon_alignemt":"","sfsi_plus_gutenburg_max_per_row":"","footnotes":""},"categories":[2],"tags":[],"class_list":["post-112436","post","type-post","status-publish","format-standard","has-post-thumbnail","hentry","category-geral"],"_links":{"self":[{"href":"https:\/\/www.caririemacao.com\/1\/wp-json\/wp\/v2\/posts\/112436","targetHints":{"allow":["GET"]}}],"collection":[{"href":"https:\/\/www.caririemacao.com\/1\/wp-json\/wp\/v2\/posts"}],"about":[{"href":"https:\/\/www.caririemacao.com\/1\/wp-json\/wp\/v2\/types\/post"}],"author":[{"embeddable":true,"href":"https:\/\/www.caririemacao.com\/1\/wp-json\/wp\/v2\/users\/1"}],"replies":[{"embeddable":true,"href":"https:\/\/www.caririemacao.com\/1\/wp-json\/wp\/v2\/comments?post=112436"}],"version-history":[{"count":1,"href":"https:\/\/www.caririemacao.com\/1\/wp-json\/wp\/v2\/posts\/112436\/revisions"}],"predecessor-version":[{"id":112439,"href":"https:\/\/www.caririemacao.com\/1\/wp-json\/wp\/v2\/posts\/112436\/revisions\/112439"}],"wp:featuredmedia":[{"embeddable":true,"href":"https:\/\/www.caririemacao.com\/1\/wp-json\/wp\/v2\/media\/112438"}],"wp:attachment":[{"href":"https:\/\/www.caririemacao.com\/1\/wp-json\/wp\/v2\/media?parent=112436"}],"wp:term":[{"taxonomy":"category","embeddable":true,"href":"https:\/\/www.caririemacao.com\/1\/wp-json\/wp\/v2\/categories?post=112436"},{"taxonomy":"post_tag","embeddable":true,"href":"https:\/\/www.caririemacao.com\/1\/wp-json\/wp\/v2\/tags?post=112436"}],"curies":[{"name":"wp","href":"https:\/\/api.w.org\/{rel}","templated":true}]}}