{"id":112444,"date":"2019-08-29T08:47:49","date_gmt":"2019-08-29T11:47:49","guid":{"rendered":"http:\/\/www.caririemacao.com\/1\/?p=112444"},"modified":"2019-08-29T08:47:49","modified_gmt":"2019-08-29T11:47:49","slug":"governador-sanciona-lei-que-obriga-transcricao-de-livros-da-rede-estadual-em-braile","status":"publish","type":"post","link":"https:\/\/www.caririemacao.com\/1\/2019\/08\/29\/governador-sanciona-lei-que-obriga-transcricao-de-livros-da-rede-estadual-em-braile\/","title":{"rendered":"Governador sanciona lei que obriga transcri\u00e7\u00e3o de livros da rede estadual em braile"},"content":{"rendered":"\n<p>O governador Jo\u00e3o Azev\u00eado sancionou a Lei de n\u00famero&nbsp;11.421, de autoria da deputada Cida Ramos, que obriga as escolas da rede estadual de ensino a transcreverem os livros em braile. Dessa forma, ser\u00e3o beneficiados os alunos que tiverem defici\u00eancia visual.<\/p>\n\n\n\n<p>Al\u00e9m dos livros, a lei prev\u00ea que todo o material did\u00e1tico, assim como hist\u00f3rico escolar e diploma tamb\u00e9m sejam disponibilizados em braile.<\/p>\n\n\n\n<p>A nova regra vale para todos os estabelecimentos de ensino p\u00fablico do estado, conforme a lei&nbsp;publicada no Di\u00e1rio Oficial do Estado nesta quinta-feira (29).<\/p>\n\n\n\n<figure class=\"wp-block-image\"><img decoding=\"async\" data-src=\"https:\/\/www.clickpb.com.br\/media\/filer_public\/b4\/ea\/b4eaae33-cce3-40a0-94cc-24aa5202852a\/braile_diario.jpg\" alt=\"\" src=\"data:image\/svg+xml;base64,PHN2ZyB3aWR0aD0iMSIgaGVpZ2h0PSIxIiB4bWxucz0iaHR0cDovL3d3dy53My5vcmcvMjAwMC9zdmciPjwvc3ZnPg==\" class=\"lazyload\" \/><\/figure>\n","protected":false},"excerpt":{"rendered":"<p>O governador Jo\u00e3o Azev\u00eado sancionou a Lei de n\u00famero&nbsp;11.421, de autoria da deputada Cida Ramos, que obriga as escolas da rede estadual de ensino a&hellip; <\/p>\n","protected":false},"author":1,"featured_media":112445,"comment_status":"closed","ping_status":"closed","sticky":false,"template":"","format":"standard","meta":{"sfsi_plus_gutenberg_text_before_share":"","sfsi_plus_gutenberg_show_text_before_share":"","sfsi_plus_gutenberg_icon_type":"","sfsi_plus_gutenberg_icon_alignemt":"","sfsi_plus_gutenburg_max_per_row":"","footnotes":""},"categories":[2],"tags":[],"class_list":["post-112444","post","type-post","status-publish","format-standard","has-post-thumbnail","hentry","category-geral"],"_links":{"self":[{"href":"https:\/\/www.caririemacao.com\/1\/wp-json\/wp\/v2\/posts\/112444","targetHints":{"allow":["GET"]}}],"collection":[{"href":"https:\/\/www.caririemacao.com\/1\/wp-json\/wp\/v2\/posts"}],"about":[{"href":"https:\/\/www.caririemacao.com\/1\/wp-json\/wp\/v2\/types\/post"}],"author":[{"embeddable":true,"href":"https:\/\/www.caririemacao.com\/1\/wp-json\/wp\/v2\/users\/1"}],"replies":[{"embeddable":true,"href":"https:\/\/www.caririemacao.com\/1\/wp-json\/wp\/v2\/comments?post=112444"}],"version-history":[{"count":1,"href":"https:\/\/www.caririemacao.com\/1\/wp-json\/wp\/v2\/posts\/112444\/revisions"}],"predecessor-version":[{"id":112446,"href":"https:\/\/www.caririemacao.com\/1\/wp-json\/wp\/v2\/posts\/112444\/revisions\/112446"}],"wp:featuredmedia":[{"embeddable":true,"href":"https:\/\/www.caririemacao.com\/1\/wp-json\/wp\/v2\/media\/112445"}],"wp:attachment":[{"href":"https:\/\/www.caririemacao.com\/1\/wp-json\/wp\/v2\/media?parent=112444"}],"wp:term":[{"taxonomy":"category","embeddable":true,"href":"https:\/\/www.caririemacao.com\/1\/wp-json\/wp\/v2\/categories?post=112444"},{"taxonomy":"post_tag","embeddable":true,"href":"https:\/\/www.caririemacao.com\/1\/wp-json\/wp\/v2\/tags?post=112444"}],"curies":[{"name":"wp","href":"https:\/\/api.w.org\/{rel}","templated":true}]}}