{"id":112475,"date":"2019-08-29T10:24:05","date_gmt":"2019-08-29T13:24:05","guid":{"rendered":"http:\/\/www.caririemacao.com\/1\/?p=112475"},"modified":"2019-08-29T10:24:05","modified_gmt":"2019-08-29T13:24:05","slug":"fachin-manda-processo-contra-lula-voltar-a-fase-de-alegacoes-finais","status":"publish","type":"post","link":"https:\/\/www.caririemacao.com\/1\/2019\/08\/29\/fachin-manda-processo-contra-lula-voltar-a-fase-de-alegacoes-finais\/","title":{"rendered":"Fachin manda processo contra Lula voltar \u00e0 fase de alega\u00e7\u00f5es finais"},"content":{"rendered":"\n<p>\u00a0O ministro do Supremo Tribunal Federal (STF) Edson Fachin determinou nesta quarta-feira, 28, que uma a\u00e7\u00e3o penal da Opera\u00e7\u00e3o Lava Jato que tem o ex-presidente Luiz In\u00e1cio Lula da Silva entre os r\u00e9us e est\u00e1 pronta para senten\u00e7a volte \u00e0 fase de alega\u00e7\u00f5es finais. O processo \u00e9 o que trata do suposto pagamento de 12,9 milh\u00f5es de reais em propina pela Odebrecht ao petista por meio da compra de um terreno que abrigaria o Instituto Lula, em S\u00e3o Paulo, e uma cobertura vizinha \u00e0 do petista em S\u00e3o Bernardo do Campo (SP).<\/p>\n\n\n\n<p>O relator da Lava Jato no Supremo justificou a decis\u00e3o pelo fato de ter dado acesso \u00e0 defesa de Lula a novas provas, contidas nos sistemas Drousys e MyWebDay, usados pelo departamento de propinas da empreiteira baiana.&nbsp;<\/p>\n\n\n\n<p>Fachin determinou ainda que as novas alega\u00e7\u00f5es finais sejam feitas nos moldes decididos pela Segunda Turma do STF nesta ter\u00e7a-feira, 27, ao anular condena\u00e7\u00e3o do ex-presidente da Petrobras Aldemir Bendine: primeiro devem apresentar alega\u00e7\u00f5es finais os r\u00e9us que tenham firmado acordos de dela\u00e7\u00e3o premiada e, em seguida, os r\u00e9us n\u00e3o colaboradores premiados.<\/p>\n\n\n\n<p>\u201cNada obstante, considerando o atual andamento do feito, em que ainda n\u00e3o se proferiu senten\u00e7a, essa provid\u00eancia revela-se conveniente para o fim de, a um s\u00f3 tempo, adotar prospectivamente a compreens\u00e3o atual da Corte acerca da mat\u00e9ria, prevenindo eventuais irregularidades processuais, at\u00e9 que sobrevenha pronunciamento do Plen\u00e1rio\u201d, decidiu Edson Fachin.<\/p>\n\n\n\n<p>A a\u00e7\u00e3o penal que trata sobre a suposta propina da Odebrecht a Lula por meio dos dois im\u00f3veis estava pronta para senten\u00e7a desde o dia 5 de novembro de 2018. A conclus\u00e3o do processo em primeira inst\u00e2ncia foi retardada por recursos da defesa de Lula ao STF em que os advogados pediam acesso a provas contidas nos sistemas utilizados pela empreiteira. O juiz respons\u00e1vel pelo caso \u00e9 Luiz Ant\u00f4nio Bonat, que substituiu o ex-juiz federal Sergio Moro na Lava Jato depois que ele aceitou ser ministro da Justi\u00e7a e Seguran\u00e7a P\u00fablica do governo do presidente Jair Bolsonaro.<\/p>\n\n\n\n<p>Com a decis\u00e3o de Edson Fachin, o processo, na pr\u00e1tica, \u201cvolta uma casa\u201d. As alega\u00e7\u00f5es finais s\u00e3o a \u00faltima oportunidade de os r\u00e9us se manifestarem a respeito das acusa\u00e7\u00f5es que lhes s\u00e3o imputadas pelo Minist\u00e9rio P\u00fablico.<\/p>\n\n\n\n<p>No caso de Bendine, a decis\u00e3o da Segunda Turma do Supremo deu raz\u00e3o ao argumento de que os r\u00e9us delatores trazem acusa\u00e7\u00f5es contra os r\u00e9us n\u00e3o delatores e, portanto, estes deveriam ter a oportunidade se pronunciar s\u00f3 depois das alega\u00e7\u00f5es finais dos colaboradores.<\/p>\n","protected":false},"excerpt":{"rendered":"<p>\u00a0O ministro do Supremo Tribunal Federal (STF) Edson Fachin determinou nesta quarta-feira, 28, que uma a\u00e7\u00e3o penal da Opera\u00e7\u00e3o Lava Jato que tem o ex-presidente&hellip; <\/p>\n","protected":false},"author":1,"featured_media":112186,"comment_status":"closed","ping_status":"closed","sticky":false,"template":"","format":"standard","meta":{"sfsi_plus_gutenberg_text_before_share":"","sfsi_plus_gutenberg_show_text_before_share":"","sfsi_plus_gutenberg_icon_type":"","sfsi_plus_gutenberg_icon_alignemt":"","sfsi_plus_gutenburg_max_per_row":"","footnotes":""},"categories":[2],"tags":[],"class_list":["post-112475","post","type-post","status-publish","format-standard","has-post-thumbnail","hentry","category-geral"],"_links":{"self":[{"href":"https:\/\/www.caririemacao.com\/1\/wp-json\/wp\/v2\/posts\/112475","targetHints":{"allow":["GET"]}}],"collection":[{"href":"https:\/\/www.caririemacao.com\/1\/wp-json\/wp\/v2\/posts"}],"about":[{"href":"https:\/\/www.caririemacao.com\/1\/wp-json\/wp\/v2\/types\/post"}],"author":[{"embeddable":true,"href":"https:\/\/www.caririemacao.com\/1\/wp-json\/wp\/v2\/users\/1"}],"replies":[{"embeddable":true,"href":"https:\/\/www.caririemacao.com\/1\/wp-json\/wp\/v2\/comments?post=112475"}],"version-history":[{"count":1,"href":"https:\/\/www.caririemacao.com\/1\/wp-json\/wp\/v2\/posts\/112475\/revisions"}],"predecessor-version":[{"id":112476,"href":"https:\/\/www.caririemacao.com\/1\/wp-json\/wp\/v2\/posts\/112475\/revisions\/112476"}],"wp:featuredmedia":[{"embeddable":true,"href":"https:\/\/www.caririemacao.com\/1\/wp-json\/wp\/v2\/media\/112186"}],"wp:attachment":[{"href":"https:\/\/www.caririemacao.com\/1\/wp-json\/wp\/v2\/media?parent=112475"}],"wp:term":[{"taxonomy":"category","embeddable":true,"href":"https:\/\/www.caririemacao.com\/1\/wp-json\/wp\/v2\/categories?post=112475"},{"taxonomy":"post_tag","embeddable":true,"href":"https:\/\/www.caririemacao.com\/1\/wp-json\/wp\/v2\/tags?post=112475"}],"curies":[{"name":"wp","href":"https:\/\/api.w.org\/{rel}","templated":true}]}}