{"id":112481,"date":"2019-08-29T10:26:37","date_gmt":"2019-08-29T13:26:37","guid":{"rendered":"http:\/\/www.caririemacao.com\/1\/?p=112481"},"modified":"2019-08-29T10:26:37","modified_gmt":"2019-08-29T13:26:37","slug":"economia-brasileira-cresce-04-no-segundo-trimestre-anuncia-ibge","status":"publish","type":"post","link":"https:\/\/www.caririemacao.com\/1\/2019\/08\/29\/economia-brasileira-cresce-04-no-segundo-trimestre-anuncia-ibge\/","title":{"rendered":"Economia brasileira cresce 0,4% no segundo trimestre, anuncia IBGE"},"content":{"rendered":"\n<p>O\u00a0Produto Interno Bruto (PIB), que \u00e9 a soma de todos os bens e servi\u00e7os produzidos no pa\u00eds, teve um crescimento de 0,4% no segundo trimestre deste ano, na compara\u00e7\u00e3o com o trimestre anterior. O PIB somou R$ 1,78 trilh\u00e3o no per\u00edodo.O dado foi divulgado hoje (29), no Rio de Janeiro, pelo Instituto Brasileiro de Geografia e Estat\u00edstica (IBGE). O PIB tamb\u00e9m apresentou altas de 1% na compara\u00e7\u00e3o com o segundo trimestre de 2018, de 0,7% no acumulado do ano e de 1% nos \u00faltimos 12 meses.Na compara\u00e7\u00e3o do segundo com o primeiro trimestre deste ano, a alta de 0,4% foi puxada, sob a \u00f3tica da produ\u00e7\u00e3o, pelos crescimentos de 0,3% do setor de servi\u00e7os e de 0,7% da ind\u00fastria. A agropecu\u00e1ria recuou 0,4% no per\u00edodo.Na ind\u00fastria, os principais desempenhos vieram da ind\u00fastria da transforma\u00e7\u00e3o (2%) e da constru\u00e7\u00e3o (1,9%). As ind\u00fastrias extrativas recuaram 3,8% e a atividade de eletricidade, g\u00e1s, \u00e1gua, esgoto e gest\u00e3o de res\u00edduos caiu 0,7%.Nos servi\u00e7os, houve resultados positivos nas atividades imobili\u00e1rias (0,7%), com\u00e9rcio (0,7%), informa\u00e7\u00e3o e comunica\u00e7\u00e3o (0,5%) e outras atividades de servi\u00e7os (0,4%).Por outro lado, tiveram queda os segmentos de administra\u00e7\u00e3o, defesa, sa\u00fade e educa\u00e7\u00e3o p\u00fablicas e seguridade social (-0,6%), transporte, armazenagem e correio (-0,3%) e atividades financeiras, de seguros e servi\u00e7os relacionados (-0,1%).<br>DemandaSob a \u00f3tica da demanda, a alta do PIB do primeiro para o segundo trimestre foi puxada pela forma\u00e7\u00e3o bruta de capital fixo, isto \u00e9, os investimentos (3,2%), e pelo consumo das fam\u00edlias (0,3%). O consumo do governo teve queda de 1% e as exporta\u00e7\u00f5es recuaram 1,6%. As importa\u00e7\u00f5es cresceram 1%.<\/p>\n","protected":false},"excerpt":{"rendered":"<p>O\u00a0Produto Interno Bruto (PIB), que \u00e9 a soma de todos os bens e servi\u00e7os produzidos no pa\u00eds, teve um crescimento de 0,4% no segundo trimestre&hellip; <\/p>\n","protected":false},"author":1,"featured_media":112482,"comment_status":"closed","ping_status":"closed","sticky":false,"template":"","format":"standard","meta":{"sfsi_plus_gutenberg_text_before_share":"","sfsi_plus_gutenberg_show_text_before_share":"","sfsi_plus_gutenberg_icon_type":"","sfsi_plus_gutenberg_icon_alignemt":"","sfsi_plus_gutenburg_max_per_row":"","footnotes":""},"categories":[2],"tags":[],"class_list":["post-112481","post","type-post","status-publish","format-standard","has-post-thumbnail","hentry","category-geral"],"_links":{"self":[{"href":"https:\/\/www.caririemacao.com\/1\/wp-json\/wp\/v2\/posts\/112481","targetHints":{"allow":["GET"]}}],"collection":[{"href":"https:\/\/www.caririemacao.com\/1\/wp-json\/wp\/v2\/posts"}],"about":[{"href":"https:\/\/www.caririemacao.com\/1\/wp-json\/wp\/v2\/types\/post"}],"author":[{"embeddable":true,"href":"https:\/\/www.caririemacao.com\/1\/wp-json\/wp\/v2\/users\/1"}],"replies":[{"embeddable":true,"href":"https:\/\/www.caririemacao.com\/1\/wp-json\/wp\/v2\/comments?post=112481"}],"version-history":[{"count":1,"href":"https:\/\/www.caririemacao.com\/1\/wp-json\/wp\/v2\/posts\/112481\/revisions"}],"predecessor-version":[{"id":112483,"href":"https:\/\/www.caririemacao.com\/1\/wp-json\/wp\/v2\/posts\/112481\/revisions\/112483"}],"wp:featuredmedia":[{"embeddable":true,"href":"https:\/\/www.caririemacao.com\/1\/wp-json\/wp\/v2\/media\/112482"}],"wp:attachment":[{"href":"https:\/\/www.caririemacao.com\/1\/wp-json\/wp\/v2\/media?parent=112481"}],"wp:term":[{"taxonomy":"category","embeddable":true,"href":"https:\/\/www.caririemacao.com\/1\/wp-json\/wp\/v2\/categories?post=112481"},{"taxonomy":"post_tag","embeddable":true,"href":"https:\/\/www.caririemacao.com\/1\/wp-json\/wp\/v2\/tags?post=112481"}],"curies":[{"name":"wp","href":"https:\/\/api.w.org\/{rel}","templated":true}]}}