{"id":112487,"date":"2019-08-29T10:28:46","date_gmt":"2019-08-29T13:28:46","guid":{"rendered":"http:\/\/www.caririemacao.com\/1\/?p=112487"},"modified":"2019-08-29T10:28:46","modified_gmt":"2019-08-29T13:28:46","slug":"inflacao-do-aluguel-cai-em-agosto-e-acumula-495-em-12-meses","status":"publish","type":"post","link":"https:\/\/www.caririemacao.com\/1\/2019\/08\/29\/inflacao-do-aluguel-cai-em-agosto-e-acumula-495-em-12-meses\/","title":{"rendered":"Infla\u00e7\u00e3o do aluguel cai em agosto e acumula 4,95% em 12 meses"},"content":{"rendered":"\n<p>O \u00cdndice Geral de Pre\u00e7os\u2013Mercado (IGP-M), usado no reajuste dos contratos de aluguel, registrou defla\u00e7\u00e3o (queda de pre\u00e7os) de 0,67% em agosto.Em julho, ele havia acusado infla\u00e7\u00e3o de 0,40%, segundo informou hoje, no Rio de Janeiro, a Funda\u00e7\u00e3o Getulio Vargas (FGV).<br><br>O IGP-M acumula infla\u00e7\u00e3o de 4,09% no ano e de 4,95% em 12 meses. A queda da taxa de julho para agosto foi puxada pelos pre\u00e7os no atacado e pelo custo da constru\u00e7\u00e3o.<br><br>O \u00cdndice de Pre\u00e7os ao Produtor Amplo, que mede o atacado, anotou defla\u00e7\u00e3o de 1,14% em agosto, depois de&nbsp; uma infla\u00e7\u00e3o de 0,40% em julho.J\u00e1 o \u00cdndice Nacional de Custo da Constru\u00e7\u00e3o continuou registrando infla\u00e7\u00e3o em agosto (0,34%), mas num ritmo inferior a julho (0,91%).<\/p>\n","protected":false},"excerpt":{"rendered":"<p>O \u00cdndice Geral de Pre\u00e7os\u2013Mercado (IGP-M), usado no reajuste dos contratos de aluguel, registrou defla\u00e7\u00e3o (queda de pre\u00e7os) de 0,67% em agosto.Em julho, ele havia&hellip; <\/p>\n","protected":false},"author":1,"featured_media":112488,"comment_status":"closed","ping_status":"closed","sticky":false,"template":"","format":"standard","meta":{"sfsi_plus_gutenberg_text_before_share":"","sfsi_plus_gutenberg_show_text_before_share":"","sfsi_plus_gutenberg_icon_type":"","sfsi_plus_gutenberg_icon_alignemt":"","sfsi_plus_gutenburg_max_per_row":"","footnotes":""},"categories":[2],"tags":[],"class_list":["post-112487","post","type-post","status-publish","format-standard","has-post-thumbnail","hentry","category-geral"],"_links":{"self":[{"href":"https:\/\/www.caririemacao.com\/1\/wp-json\/wp\/v2\/posts\/112487","targetHints":{"allow":["GET"]}}],"collection":[{"href":"https:\/\/www.caririemacao.com\/1\/wp-json\/wp\/v2\/posts"}],"about":[{"href":"https:\/\/www.caririemacao.com\/1\/wp-json\/wp\/v2\/types\/post"}],"author":[{"embeddable":true,"href":"https:\/\/www.caririemacao.com\/1\/wp-json\/wp\/v2\/users\/1"}],"replies":[{"embeddable":true,"href":"https:\/\/www.caririemacao.com\/1\/wp-json\/wp\/v2\/comments?post=112487"}],"version-history":[{"count":1,"href":"https:\/\/www.caririemacao.com\/1\/wp-json\/wp\/v2\/posts\/112487\/revisions"}],"predecessor-version":[{"id":112489,"href":"https:\/\/www.caririemacao.com\/1\/wp-json\/wp\/v2\/posts\/112487\/revisions\/112489"}],"wp:featuredmedia":[{"embeddable":true,"href":"https:\/\/www.caririemacao.com\/1\/wp-json\/wp\/v2\/media\/112488"}],"wp:attachment":[{"href":"https:\/\/www.caririemacao.com\/1\/wp-json\/wp\/v2\/media?parent=112487"}],"wp:term":[{"taxonomy":"category","embeddable":true,"href":"https:\/\/www.caririemacao.com\/1\/wp-json\/wp\/v2\/categories?post=112487"},{"taxonomy":"post_tag","embeddable":true,"href":"https:\/\/www.caririemacao.com\/1\/wp-json\/wp\/v2\/tags?post=112487"}],"curies":[{"name":"wp","href":"https:\/\/api.w.org\/{rel}","templated":true}]}}