{"id":112494,"date":"2019-08-29T12:09:26","date_gmt":"2019-08-29T15:09:26","guid":{"rendered":"http:\/\/www.caririemacao.com\/1\/?p=112494"},"modified":"2019-08-29T12:09:26","modified_gmt":"2019-08-29T15:09:26","slug":"suspensao-do-parlamento-gera-protestos-no-reino-unido","status":"publish","type":"post","link":"https:\/\/www.caririemacao.com\/1\/2019\/08\/29\/suspensao-do-parlamento-gera-protestos-no-reino-unido\/","title":{"rendered":"Suspens\u00e3o do Parlamento gera protestos no Reino Unido"},"content":{"rendered":"\n<p>A decis\u00e3o do primeiro-ministro brit\u00e2nico, Boris Johnson, de for\u00e7ar a suspens\u00e3o das atividades do Parlamento brit\u00e2nico nesta quarta-feira (28\/08), gerou revolta no meio pol\u00edtico e protestos em diversas cidades do Reino Unido.<\/p>\n\n\n\n<p>A medida, que dever\u00e1 valer por cinco semanas a partir de 10 de setembro, \u00e9 vista como uma tentativa de bloquear os esfor\u00e7os dos parlamentares contr\u00e1rios ao Brexit.<\/p>\n\n\n\n<p>Milhares de pessoas sa\u00edram \u00e0s ruas para condenar a atitude de Johnson, considerada por muitos uma amea\u00e7a \u00e0 democracia no pa\u00eds. Manifesta\u00e7\u00f5es ocorreram em Londres, Edimburgo, Cardiff, Manchester, Bristol, Cambridge e Durham. A maior delas foi realizada em frente \u00e0 sede do Parlamento, na capital brit\u00e2nica.<\/p>\n\n\n\n<p>Uma peti\u00e7\u00e3o contra a suspens\u00e3o do Parlamento reuniu mais de 1 milh\u00e3o de assinaturas em menos de um dia.<\/p>\n\n\n\n<p>&#8220;O Parlamento n\u00e3o deve ser suspenso ou dissolvido a menos e at\u00e9 que o per\u00edodo do Artigo 50 [referente ao Tratado de Lisboa, que determina os procedimentos para os pa\u00edses que queiram deixar a Uni\u00e3o Europeia] seja suficientemente estendido ou que a inten\u00e7\u00e3o do Reino Unido de deixar a Uni\u00e3o Europeia tenha sido cancelada&#8221;, dizia o texto da peti\u00e7\u00e3o.<\/p>\n\n\n\n<p>Opositores chegaram a denunciar a manobra de Johnson como uma tentativa de golpe ou at\u00e9 uma &#8220;declara\u00e7\u00e3o de guerra&#8221;. O premi\u00ea argumenta que a medida foi necess\u00e1ria para que o governo possa avan\u00e7ar com uma nova agenda legislativa &#8220;ousada e ambiciosa&#8221;.<\/p>\n\n\n\n<p>&#8220;O Parlamento ter\u00e1 a oportunidade de debater o programa do governo como um todo e lidar com o Brexit&#8221;, disse Johnson em carta aos parlamentares.<\/p>\n\n\n\n<p>A suspens\u00e3o do Parlamento foi autorizada pela rainha Elizabeth 2\u00aa, que desempenha a fun\u00e7\u00e3o de chefe de Estado. O an\u00fancio da manobra ocorreu pouco depois de as lideran\u00e7as dos partidos de oposi\u00e7\u00e3o concordarem em se unir para tentar bloquear um Brexit sem acordo.<\/p>\n\n\n\n<p>O l\u00edder da oposi\u00e7\u00e3o, Jeremy Corbyn, definiu a medida como um assalto \u00e0 democracia e refor\u00e7ou a possibilidade de convocar uma mo\u00e7\u00e3o de desconfian\u00e7a que poderia resultar na deposi\u00e7\u00e3o de Johnson pelo Parlamento, onde o premi\u00ea possui uma fr\u00e1gil maioria de apenas uma cadeira a mais do que a oposi\u00e7\u00e3o.<\/p>\n\n\n\n<p>Corbyn enviou uma carta \u00e0 Elizabeth 2\u00aa para expressar preocupa\u00e7\u00e3o em rela\u00e7\u00e3o aos planos de Johnson e pediu \u00e0 monarca uma reuni\u00e3o privada para abordar o assunto, o que tamb\u00e9m foi feito pela l\u00edder do Partido Liberal Democrata, Jo Swinson.<\/p>\n\n\n\n<p>&#8220;Protestei nos termos mais fortes em nome do meu partido e de todos os outros partidos que v\u00e3o se unir para dizer que suspender o Parlamento n\u00e3o \u00e9 aceit\u00e1vel&#8221;, disse Corbyn. &#8220;O que o primeiro-ministro est\u00e1 fazendo \u00e9 uma esp\u00e9cie de assalto \u00e0 democracia para for\u00e7ar uma sa\u00edda da Uni\u00e3o Europeia sem acordo.&#8221;<\/p>\n\n\n\n<p>O presidente da C\u00e2mara dos Comuns (c\u00e2mara baixa do Parlamento), John Bercow, que geralmente n\u00e3o comenta assuntos do governo, classificou a medida de uma &#8220;aberra\u00e7\u00e3o constitucional&#8221;. &#8220;\u00c9 \u00f3bvio que o prop\u00f3sito dessa suspens\u00e3o agora seria impedir que o Parlamento debata sobre o Brexit e cumpra com seu dever de definir o rumo do pa\u00eds&#8221;, completou. Com a suspens\u00e3o, o Parlamento brit\u00e2nico deixar\u00e1 de se reunir entre 10 de setembro e 14 de outubro. Os trabalhos apenas ser\u00e3o retomados com a abertura da nova legislatura, que ocorre ap\u00f3s uma cerim\u00f4nia chamada &#8220;o discurso da rainha&#8221;, que Johnson pediu para que a monarca adiasse.<\/p>\n\n\n\n<p>A retomada das atividades do Parlamento tamb\u00e9m ficou bastante pr\u00f3xima de uma reuni\u00e3o do Conselho Europeu para discutir o Brexit, marcada para 17 e 18 de outubro. A reuni\u00e3o \u00e9 vista como um momento-chave para que o governo consiga um novo acordo de \u00faltima hora com os europeus.<\/p>\n\n\n\n<p>A data para o Brexit est\u00e1 prevista para 31 de outubro, e Johnson vem declarando repetidamente que uma sa\u00edda sem acordo (o &#8220;<em>no deal<\/em>&#8220;) \u00e9 uma possibilidade.<\/p>\n","protected":false},"excerpt":{"rendered":"<p>A decis\u00e3o do primeiro-ministro brit\u00e2nico, Boris Johnson, de for\u00e7ar a suspens\u00e3o das atividades do Parlamento brit\u00e2nico nesta quarta-feira (28\/08), gerou revolta no meio pol\u00edtico e&hellip; <\/p>\n","protected":false},"author":1,"featured_media":112495,"comment_status":"closed","ping_status":"closed","sticky":false,"template":"","format":"standard","meta":{"sfsi_plus_gutenberg_text_before_share":"","sfsi_plus_gutenberg_show_text_before_share":"","sfsi_plus_gutenberg_icon_type":"","sfsi_plus_gutenberg_icon_alignemt":"","sfsi_plus_gutenburg_max_per_row":"","footnotes":""},"categories":[2],"tags":[],"class_list":["post-112494","post","type-post","status-publish","format-standard","has-post-thumbnail","hentry","category-geral"],"_links":{"self":[{"href":"https:\/\/www.caririemacao.com\/1\/wp-json\/wp\/v2\/posts\/112494","targetHints":{"allow":["GET"]}}],"collection":[{"href":"https:\/\/www.caririemacao.com\/1\/wp-json\/wp\/v2\/posts"}],"about":[{"href":"https:\/\/www.caririemacao.com\/1\/wp-json\/wp\/v2\/types\/post"}],"author":[{"embeddable":true,"href":"https:\/\/www.caririemacao.com\/1\/wp-json\/wp\/v2\/users\/1"}],"replies":[{"embeddable":true,"href":"https:\/\/www.caririemacao.com\/1\/wp-json\/wp\/v2\/comments?post=112494"}],"version-history":[{"count":1,"href":"https:\/\/www.caririemacao.com\/1\/wp-json\/wp\/v2\/posts\/112494\/revisions"}],"predecessor-version":[{"id":112496,"href":"https:\/\/www.caririemacao.com\/1\/wp-json\/wp\/v2\/posts\/112494\/revisions\/112496"}],"wp:featuredmedia":[{"embeddable":true,"href":"https:\/\/www.caririemacao.com\/1\/wp-json\/wp\/v2\/media\/112495"}],"wp:attachment":[{"href":"https:\/\/www.caririemacao.com\/1\/wp-json\/wp\/v2\/media?parent=112494"}],"wp:term":[{"taxonomy":"category","embeddable":true,"href":"https:\/\/www.caririemacao.com\/1\/wp-json\/wp\/v2\/categories?post=112494"},{"taxonomy":"post_tag","embeddable":true,"href":"https:\/\/www.caririemacao.com\/1\/wp-json\/wp\/v2\/tags?post=112494"}],"curies":[{"name":"wp","href":"https:\/\/api.w.org\/{rel}","templated":true}]}}