{"id":112529,"date":"2019-08-29T13:44:35","date_gmt":"2019-08-29T16:44:35","guid":{"rendered":"http:\/\/www.caririemacao.com\/1\/?p=112529"},"modified":"2019-08-29T13:44:35","modified_gmt":"2019-08-29T16:44:35","slug":"pib-mostra-que-responsabilidade-fiscal-e-estrategia-certa-diz-governo","status":"publish","type":"post","link":"https:\/\/www.caririemacao.com\/1\/2019\/08\/29\/pib-mostra-que-responsabilidade-fiscal-e-estrategia-certa-diz-governo\/","title":{"rendered":"PIB mostra que responsabilidade fiscal \u00e9 estrat\u00e9gia certa, diz governo"},"content":{"rendered":"\n<p>A estrat\u00e9gia adotada pelo governo, de crescimento com responsabilidade fiscal, vai se mostrando acertada, na avalia\u00e7\u00e3o da Secret\u00e1ria de Pol\u00edtica Econ\u00f4mica do Minist\u00e9rio da Economia, em nota divulgada hoje (29) para analisar o resultado do Produto Interno Bruto (PIB), soma de todos os bens e servi\u00e7os produzidos no pa\u00eds.<\/p>\n\n\n\n<p><a href=\"http:\/\/agenciabrasil.ebc.com.br\/economia\/noticia\/2019-08\/pib-cresce-no-segundo-trimestre-anuncia-ibge\" target=\"_blank\" rel=\"noreferrer noopener\">Segundo o Instituto Brasileiro de Geografia e Estat\u00edstica (IBGE)<\/a>, o PIB registrou crescimento de 0,4% no segundo trimestre deste ano, na compara\u00e7\u00e3o com o trimestre anterior.<\/p>\n\n\n\n<p>\u201cApesar do forte ajuste nas contas p\u00fablicas, representada por uma queda de 1% no consumo do governo, o crescimento no trimestre foi positivo e acima das proje\u00e7\u00f5es de mercado\u201d, disse a secretaria na Nota Informativa \u2013 Resultado do Crescimento do PIB. De acordo com a secretaria, as institui\u00e7\u00f5es financeiras esperavam crescimento de 0,2% (pesquisa Focus).<\/p>\n\n\n\n<p>A secretaria destaca, no entanto, que o cen\u00e1rio econ\u00f4mico continua desafiador. \u201cO ajuste fiscal em curso, a baixa produtividade da economia brasileira e a incerteza da conjuntura internacional sugerem ainda um longo caminho a percorrer. Mas n\u00e3o deixa de ser importante frisar que, a despeito desses desafios, a conjuntura brasileira hoje mostra-se mais favor\u00e1vel do que era h\u00e1 alguns meses\u201d, finalizou a secretaria.<\/p>\n","protected":false},"excerpt":{"rendered":"<p>A estrat\u00e9gia adotada pelo governo, de crescimento com responsabilidade fiscal, vai se mostrando acertada, na avalia\u00e7\u00e3o da Secret\u00e1ria de Pol\u00edtica Econ\u00f4mica do Minist\u00e9rio da Economia,&hellip; <\/p>\n","protected":false},"author":1,"featured_media":7840,"comment_status":"closed","ping_status":"closed","sticky":false,"template":"","format":"standard","meta":{"sfsi_plus_gutenberg_text_before_share":"","sfsi_plus_gutenberg_show_text_before_share":"","sfsi_plus_gutenberg_icon_type":"","sfsi_plus_gutenberg_icon_alignemt":"","sfsi_plus_gutenburg_max_per_row":"","footnotes":""},"categories":[2],"tags":[],"class_list":["post-112529","post","type-post","status-publish","format-standard","has-post-thumbnail","hentry","category-geral"],"_links":{"self":[{"href":"https:\/\/www.caririemacao.com\/1\/wp-json\/wp\/v2\/posts\/112529","targetHints":{"allow":["GET"]}}],"collection":[{"href":"https:\/\/www.caririemacao.com\/1\/wp-json\/wp\/v2\/posts"}],"about":[{"href":"https:\/\/www.caririemacao.com\/1\/wp-json\/wp\/v2\/types\/post"}],"author":[{"embeddable":true,"href":"https:\/\/www.caririemacao.com\/1\/wp-json\/wp\/v2\/users\/1"}],"replies":[{"embeddable":true,"href":"https:\/\/www.caririemacao.com\/1\/wp-json\/wp\/v2\/comments?post=112529"}],"version-history":[{"count":1,"href":"https:\/\/www.caririemacao.com\/1\/wp-json\/wp\/v2\/posts\/112529\/revisions"}],"predecessor-version":[{"id":112531,"href":"https:\/\/www.caririemacao.com\/1\/wp-json\/wp\/v2\/posts\/112529\/revisions\/112531"}],"wp:featuredmedia":[{"embeddable":true,"href":"https:\/\/www.caririemacao.com\/1\/wp-json\/wp\/v2\/media\/7840"}],"wp:attachment":[{"href":"https:\/\/www.caririemacao.com\/1\/wp-json\/wp\/v2\/media?parent=112529"}],"wp:term":[{"taxonomy":"category","embeddable":true,"href":"https:\/\/www.caririemacao.com\/1\/wp-json\/wp\/v2\/categories?post=112529"},{"taxonomy":"post_tag","embeddable":true,"href":"https:\/\/www.caririemacao.com\/1\/wp-json\/wp\/v2\/tags?post=112529"}],"curies":[{"name":"wp","href":"https:\/\/api.w.org\/{rel}","templated":true}]}}