{"id":112536,"date":"2019-08-29T13:49:22","date_gmt":"2019-08-29T16:49:22","guid":{"rendered":"http:\/\/www.caririemacao.com\/1\/?p=112536"},"modified":"2019-08-29T13:49:22","modified_gmt":"2019-08-29T16:49:22","slug":"brasil-devera-exportar-25-mil-toneladas-de-carne-para-a-indonesia","status":"publish","type":"post","link":"https:\/\/www.caririemacao.com\/1\/2019\/08\/29\/brasil-devera-exportar-25-mil-toneladas-de-carne-para-a-indonesia\/","title":{"rendered":"Brasil dever\u00e1 exportar 25 mil toneladas de carne para a Indon\u00e9sia"},"content":{"rendered":"\n<p>A Indon\u00e9sia decidiu abrir o seu mercado para a importa\u00e7\u00e3o de carnes do Brasil. Dez frigor\u00edficos nacionais ser\u00e3o habilitados a exportar pelo menos 25 mil toneladas de carne bovina. Segundo a ministra da Agricultura, Pecu\u00e1ria e Abastecimento, Tereza Cristina, considerou a abertura do mercado da Indon\u00e9sia para a carne brasileira como uma conquista para o setor e uma boa not\u00edcia para a economia.\u201cIsso \u00e9 bom para o nosso PIB [Produto Interno Bruto}, \u00e9 bom para o nosso produtor rural, que tenha mais gente comprando carne para exportar, \u00e9 bom para os nossos frigor\u00edficos que podem continuar gerando emprego&#8221;, disse.<\/p>\n\n\n\n<figure class=\"wp-block-image\"><img decoding=\"async\" src=\"blob:http:\/\/www.caririemacao.com\/8edaee7e-781c-434e-b9a8-0e2fd70e39f6\" alt=\"\"\/><\/figure>\n\n\n\n<p>Tereza Cristina e o ministro da Agricultura da Indon\u00e9sia, Amran Sulaiman &#8211; Divulga\u00e7\u00e3o Minist\u00e9rio da Agricultura, Pecu\u00e1ria e AbastecimentoEm maio, Tereza Cristina esteve reunida com o ministro da Agricultura da Indon\u00e9sia, Amran Sulaiman, quando discutiu sobre a abertura do mercado de carnes brasileiras para o pa\u00eds asi\u00e1tico.Na ocasi\u00e3o, a ministra disse que os frigor\u00edficos brasileiros t\u00eam condi\u00e7\u00f5es de suprir a demanda por carne dos indon\u00e9sios, principalmente bovina, sendo um fornecedor alternativo e com pre\u00e7os mais baratos em rela\u00e7\u00e3o ao produto australiano, de onde vem a maior parte da carne consumida no pa\u00eds.<\/p>\n","protected":false},"excerpt":{"rendered":"<p>A Indon\u00e9sia decidiu abrir o seu mercado para a importa\u00e7\u00e3o de carnes do Brasil. Dez frigor\u00edficos nacionais ser\u00e3o habilitados a exportar pelo menos 25 mil&hellip; <\/p>\n","protected":false},"author":1,"featured_media":90066,"comment_status":"closed","ping_status":"closed","sticky":false,"template":"","format":"standard","meta":{"sfsi_plus_gutenberg_text_before_share":"","sfsi_plus_gutenberg_show_text_before_share":"","sfsi_plus_gutenberg_icon_type":"","sfsi_plus_gutenberg_icon_alignemt":"","sfsi_plus_gutenburg_max_per_row":"","footnotes":""},"categories":[2],"tags":[],"class_list":["post-112536","post","type-post","status-publish","format-standard","has-post-thumbnail","hentry","category-geral"],"_links":{"self":[{"href":"https:\/\/www.caririemacao.com\/1\/wp-json\/wp\/v2\/posts\/112536","targetHints":{"allow":["GET"]}}],"collection":[{"href":"https:\/\/www.caririemacao.com\/1\/wp-json\/wp\/v2\/posts"}],"about":[{"href":"https:\/\/www.caririemacao.com\/1\/wp-json\/wp\/v2\/types\/post"}],"author":[{"embeddable":true,"href":"https:\/\/www.caririemacao.com\/1\/wp-json\/wp\/v2\/users\/1"}],"replies":[{"embeddable":true,"href":"https:\/\/www.caririemacao.com\/1\/wp-json\/wp\/v2\/comments?post=112536"}],"version-history":[{"count":1,"href":"https:\/\/www.caririemacao.com\/1\/wp-json\/wp\/v2\/posts\/112536\/revisions"}],"predecessor-version":[{"id":112538,"href":"https:\/\/www.caririemacao.com\/1\/wp-json\/wp\/v2\/posts\/112536\/revisions\/112538"}],"wp:featuredmedia":[{"embeddable":true,"href":"https:\/\/www.caririemacao.com\/1\/wp-json\/wp\/v2\/media\/90066"}],"wp:attachment":[{"href":"https:\/\/www.caririemacao.com\/1\/wp-json\/wp\/v2\/media?parent=112536"}],"wp:term":[{"taxonomy":"category","embeddable":true,"href":"https:\/\/www.caririemacao.com\/1\/wp-json\/wp\/v2\/categories?post=112536"},{"taxonomy":"post_tag","embeddable":true,"href":"https:\/\/www.caririemacao.com\/1\/wp-json\/wp\/v2\/tags?post=112536"}],"curies":[{"name":"wp","href":"https:\/\/api.w.org\/{rel}","templated":true}]}}