{"id":112539,"date":"2019-08-29T14:21:41","date_gmt":"2019-08-29T17:21:41","guid":{"rendered":"http:\/\/www.caririemacao.com\/1\/?p=112539"},"modified":"2019-08-29T14:21:41","modified_gmt":"2019-08-29T17:21:41","slug":"jovem-desaparece-apos-deixar-filha-na-escola-em-santa-rita-e-familia-faz-apelo","status":"publish","type":"post","link":"https:\/\/www.caririemacao.com\/1\/2019\/08\/29\/jovem-desaparece-apos-deixar-filha-na-escola-em-santa-rita-e-familia-faz-apelo\/","title":{"rendered":"Jovem desaparece ap\u00f3s deixar filha na escola em Santa Rita e fam\u00edlia faz apelo"},"content":{"rendered":"\n<p> Uma jovem de 28 anos desapareceu ap\u00f3s deixar a filha de 9 anos na escola, no bairro Marcos Moura, em Santa Rita. Segundo a irm\u00e3, Maria de Lourdes, j\u00e1 s\u00e3o mais de 24 horas sem not\u00edcia de\u00a0Ildilene da Silva Souza. A fam\u00edlia iniciou uma campanha para encontrar a jovem e o apelo j\u00e1 circula em grupos e redes sociais. Um\u00a0Boletim de Ocorr\u00eancia foi registrado na manh\u00e3 desta quinta-feira (29).<\/p>\n\n\n\n<p>Em entrevista ao Portal ClickPB, a irm\u00e3 ainda revelou que j\u00e1 tentou de todas as formas entrar em contato com ela, mas que&nbsp;a&nbsp;\u00faltima visualiza\u00e7\u00e3o no WhatsApp foi \u00e0s 13h23&nbsp;e, desde ent\u00e3o, o telefone est\u00e1 desligado.<\/p>\n\n\n\n<p>A fam\u00edlia conta que s\u00f3 ficou sabendo do desaparecimento &#8220;porque o&nbsp;dono da escola da menina veio deixar ela na casa da minha m\u00e3e devido \u00e0 demora dela em pegar a menina.&#8221;<\/p>\n\n\n\n<p>Quem tiver not\u00edcias da jovem basta ligar no contato a seguir:<br><\/p>\n\n\n\n<figure class=\"wp-block-image\"><img decoding=\"async\" data-src=\"https:\/\/www.clickpb.com.br\/media\/filer_public\/ff\/3a\/ff3ac820-27c9-4dbe-ab3a-beb90e733563\/desaparecida.jpg\" alt=\"\" src=\"data:image\/svg+xml;base64,PHN2ZyB3aWR0aD0iMSIgaGVpZ2h0PSIxIiB4bWxucz0iaHR0cDovL3d3dy53My5vcmcvMjAwMC9zdmciPjwvc3ZnPg==\" class=\"lazyload\" \/><\/figure>\n","protected":false},"excerpt":{"rendered":"<p>Uma jovem de 28 anos desapareceu ap\u00f3s deixar a filha de 9 anos na escola, no bairro Marcos Moura, em Santa Rita. Segundo a irm\u00e3,&hellip; <\/p>\n","protected":false},"author":1,"featured_media":112541,"comment_status":"closed","ping_status":"closed","sticky":false,"template":"","format":"standard","meta":{"sfsi_plus_gutenberg_text_before_share":"","sfsi_plus_gutenberg_show_text_before_share":"","sfsi_plus_gutenberg_icon_type":"","sfsi_plus_gutenberg_icon_alignemt":"","sfsi_plus_gutenburg_max_per_row":"","footnotes":""},"categories":[2],"tags":[],"class_list":["post-112539","post","type-post","status-publish","format-standard","has-post-thumbnail","hentry","category-geral"],"_links":{"self":[{"href":"https:\/\/www.caririemacao.com\/1\/wp-json\/wp\/v2\/posts\/112539","targetHints":{"allow":["GET"]}}],"collection":[{"href":"https:\/\/www.caririemacao.com\/1\/wp-json\/wp\/v2\/posts"}],"about":[{"href":"https:\/\/www.caririemacao.com\/1\/wp-json\/wp\/v2\/types\/post"}],"author":[{"embeddable":true,"href":"https:\/\/www.caririemacao.com\/1\/wp-json\/wp\/v2\/users\/1"}],"replies":[{"embeddable":true,"href":"https:\/\/www.caririemacao.com\/1\/wp-json\/wp\/v2\/comments?post=112539"}],"version-history":[{"count":1,"href":"https:\/\/www.caririemacao.com\/1\/wp-json\/wp\/v2\/posts\/112539\/revisions"}],"predecessor-version":[{"id":112542,"href":"https:\/\/www.caririemacao.com\/1\/wp-json\/wp\/v2\/posts\/112539\/revisions\/112542"}],"wp:featuredmedia":[{"embeddable":true,"href":"https:\/\/www.caririemacao.com\/1\/wp-json\/wp\/v2\/media\/112541"}],"wp:attachment":[{"href":"https:\/\/www.caririemacao.com\/1\/wp-json\/wp\/v2\/media?parent=112539"}],"wp:term":[{"taxonomy":"category","embeddable":true,"href":"https:\/\/www.caririemacao.com\/1\/wp-json\/wp\/v2\/categories?post=112539"},{"taxonomy":"post_tag","embeddable":true,"href":"https:\/\/www.caririemacao.com\/1\/wp-json\/wp\/v2\/tags?post=112539"}],"curies":[{"name":"wp","href":"https:\/\/api.w.org\/{rel}","templated":true}]}}