{"id":112545,"date":"2019-08-29T14:34:38","date_gmt":"2019-08-29T17:34:38","guid":{"rendered":"http:\/\/www.caririemacao.com\/1\/?p=112545"},"modified":"2019-08-29T14:34:38","modified_gmt":"2019-08-29T17:34:38","slug":"para-baratear-gas-de-cozinha-governo-vai-acabar-com-diferenciacao-de-precos-dos-botijoes","status":"publish","type":"post","link":"https:\/\/www.caririemacao.com\/1\/2019\/08\/29\/para-baratear-gas-de-cozinha-governo-vai-acabar-com-diferenciacao-de-precos-dos-botijoes\/","title":{"rendered":"Para baratear g\u00e1s de cozinha, governo vai acabar com diferencia\u00e7\u00e3o de pre\u00e7os dos botij\u00f5es"},"content":{"rendered":"\n<p>O governo aprovou, nesta quinta-feira, o fim da diferencia\u00e7\u00e3o de pre\u00e7os de g\u00e1s de cozinha (GLP), com validade daqui a seis meses. A decis\u00e3o foi tomada em reuni\u00e3o extraordin\u00e1ria do Conselho Nacional de Pol\u00edtica Energ\u00e9tica (CNPE), colegiado de ministros presidido pelo ministro de Minas e Energia. A novidade faz parte da estrat\u00e9gia do governo de baratear o pre\u00e7o do g\u00e1s e fazer isso chegar aos consumidores.<br><\/p>\n\n\n\n<p>Hoje, o botij\u00e3o residencial de at\u00e9 13 quilos (que corresponde a aproximadamente 72% do mercado nacional) tem subs\u00eddio cruzado. Quem consome acima de 13 quilos acaba pagando mais. Isso n\u00e3o significa, por\u00e9m, que o pre\u00e7o seja mais baixo para os vasilhames menores. A avalia\u00e7\u00e3o do governo \u00e9 que essa pol\u00edtica encarece outros produtos e envases para compensar perdas.<\/p>\n\n\n\n<p>\u201cO fim da pr\u00e1tica de pre\u00e7os diferenciados de GLP corrige distor\u00e7\u00f5es no mercado, entre o GLP comercializado em botij\u00f5es de at\u00e9 13 kg e o granel, e incentiva a entrada de outros agentes nas etapas de produ\u00e7\u00e3o e importa\u00e7\u00e3o de GLP, ambas concentradas no agente de posi\u00e7\u00e3o dominante. A mudan\u00e7a contribui com o aumento da oferta de GLP e o desenvolvimento do mercado\u201d, informou o minist\u00e9rio, em nota.<br><\/p>\n\n\n\n<p>O ministro de Minas e Energia, Bento Albuquerque, afirma que o botij\u00e3o de 13 quilos na refinaria custa R$ 23. Para o consumidor, ele chega a R$ 90. Segundo o ministro, o pre\u00e7o nas refinarias ou na importa\u00e7\u00e3o cair\u00e1 para at\u00e9 R$ 16.<\/p>\n\n\n\n<p>\u2014 Isso vai impactar o pre\u00e7o final do botij\u00e3o. Acabando com essa diferencia\u00e7\u00e3o de pre\u00e7os, entendemos que quem comercializar isso, seja produzido na refinaria ou importando, far\u00e1 isso a R$ 16 ou R$ 17, e poder\u00e1 vender a pre\u00e7o mais baixo para consumidor de baixa renda \u2014 disse o ministro, acrescentando: \u2014 Os resultados s\u00e3o esperados a partir de agora.<\/p>\n\n\n\n<p>O minist\u00e9rio anunciou a revoga\u00e7\u00e3o de uma resolu\u00e7\u00e3o de 2005 que criou a pol\u00edtica de diferencia\u00e7\u00e3o de pre\u00e7os, numa tentativa de baratear o g\u00e1s de cozinha para consumidores de baixa renda.<\/p>\n\n\n\n<p>Um estudo do Minist\u00e9rio da Economia aponta que essa pol\u00edtica \u00e9 \u201cineficaz, ineficiente e pouco transparente\u201d. Al\u00e9m disso, barra a entrada de novos agentes no mercado.<br><\/p>\n\n\n\n<p>Ao acabar com a diferencia\u00e7\u00e3o, o governo espera atrair novos agentes para o setor. A ideia \u00e9 que a possibilidade de obter lucro aumente a competi\u00e7\u00e3o e, consequentemente, reduza os pre\u00e7os finais ao consumidor.<\/p>\n\n\n\n<p>Atualmente, o fornecimento de GLP \u00e9 dominado pela Petrobras. O segmento de distribui\u00e7\u00e3o \u00e9 concentrado em quatro empresas. O Minist\u00e9rio da Economia avalia que o fim da diferencia\u00e7\u00e3o de pre\u00e7os n\u00e3o ter\u00e1 impacto sobre os consumidores. O argumento \u00e9 que o pre\u00e7o praticado no Brasil hoje \u00e9 40% maior que no mercado internacional.<\/p>\n\n\n\n<p>Segundo o MME, a Ag\u00eancia Nacional do Petr\u00f3leo (ANP) dever\u00e1 refor\u00e7ar as a\u00e7\u00f5es de monitoramento dos pre\u00e7os praticados pelos agentes econ\u00f4micos.<\/p>\n","protected":false},"excerpt":{"rendered":"<p>O governo aprovou, nesta quinta-feira, o fim da diferencia\u00e7\u00e3o de pre\u00e7os de g\u00e1s de cozinha (GLP), com validade daqui a seis meses. A decis\u00e3o foi&hellip; <\/p>\n","protected":false},"author":1,"featured_media":109398,"comment_status":"closed","ping_status":"closed","sticky":false,"template":"","format":"standard","meta":{"sfsi_plus_gutenberg_text_before_share":"","sfsi_plus_gutenberg_show_text_before_share":"","sfsi_plus_gutenberg_icon_type":"","sfsi_plus_gutenberg_icon_alignemt":"","sfsi_plus_gutenburg_max_per_row":"","footnotes":""},"categories":[2],"tags":[],"class_list":["post-112545","post","type-post","status-publish","format-standard","has-post-thumbnail","hentry","category-geral"],"_links":{"self":[{"href":"https:\/\/www.caririemacao.com\/1\/wp-json\/wp\/v2\/posts\/112545","targetHints":{"allow":["GET"]}}],"collection":[{"href":"https:\/\/www.caririemacao.com\/1\/wp-json\/wp\/v2\/posts"}],"about":[{"href":"https:\/\/www.caririemacao.com\/1\/wp-json\/wp\/v2\/types\/post"}],"author":[{"embeddable":true,"href":"https:\/\/www.caririemacao.com\/1\/wp-json\/wp\/v2\/users\/1"}],"replies":[{"embeddable":true,"href":"https:\/\/www.caririemacao.com\/1\/wp-json\/wp\/v2\/comments?post=112545"}],"version-history":[{"count":1,"href":"https:\/\/www.caririemacao.com\/1\/wp-json\/wp\/v2\/posts\/112545\/revisions"}],"predecessor-version":[{"id":112548,"href":"https:\/\/www.caririemacao.com\/1\/wp-json\/wp\/v2\/posts\/112545\/revisions\/112548"}],"wp:featuredmedia":[{"embeddable":true,"href":"https:\/\/www.caririemacao.com\/1\/wp-json\/wp\/v2\/media\/109398"}],"wp:attachment":[{"href":"https:\/\/www.caririemacao.com\/1\/wp-json\/wp\/v2\/media?parent=112545"}],"wp:term":[{"taxonomy":"category","embeddable":true,"href":"https:\/\/www.caririemacao.com\/1\/wp-json\/wp\/v2\/categories?post=112545"},{"taxonomy":"post_tag","embeddable":true,"href":"https:\/\/www.caririemacao.com\/1\/wp-json\/wp\/v2\/tags?post=112545"}],"curies":[{"name":"wp","href":"https:\/\/api.w.org\/{rel}","templated":true}]}}