{"id":112570,"date":"2019-08-29T15:12:44","date_gmt":"2019-08-29T18:12:44","guid":{"rendered":"http:\/\/www.caririemacao.com\/1\/?p=112570"},"modified":"2019-08-29T15:12:44","modified_gmt":"2019-08-29T18:12:44","slug":"encceja-termina-nesta-sexta-feira-prazo-para-recursos","status":"publish","type":"post","link":"https:\/\/www.caririemacao.com\/1\/2019\/08\/29\/encceja-termina-nesta-sexta-feira-prazo-para-recursos\/","title":{"rendered":"Encceja: termina nesta sexta-feira prazo para recursos"},"content":{"rendered":"\n<p>Termina nesta sexta-feira (30) o prazo para recursos de quem participou do Exame Nacional para Certifica\u00e7\u00e3o de Compet\u00eancias de Jovens e Adultos (Encceja). A prova foi aplicada no \u00faltimo domingo (25), com 1,1 milh\u00e3o de participantes dentro de um universo de 3 milh\u00f5es de inscritos.<\/p>\n\n\n\n<p>Os recursos s\u00e3o um instrumento para quem fez o teste poder questionar determinado item ou requerer a revis\u00e3o do desempenho em alguma parte das perguntas, caso se sinta prejudicado de alguma maneira pelo conte\u00fado das tarefas. Quem desejar fazer a contesta\u00e7\u00e3o deve apresent\u00e1-la por meio do&nbsp;<a href=\"http:\/\/portal.inep.gov.br\/web\/guest\/inicio\" target=\"_blank\" rel=\"noreferrer noopener\">site<\/a>&nbsp;do Instituto Nacional de Estudos e Pesquisas Educacionais (Inep).<\/p>\n\n\n\n<p>Os mais de 1,1 milh\u00e3o de participantes representaram um aumento de 45% em rela\u00e7\u00e3o \u00e0 \u00faltima edi\u00e7\u00e3o do Encceja, um&nbsp;<a href=\"http:\/\/agenciabrasil.ebc.com.br\/educacao\/noticia\/2019-08\/numero-de-presentes-e-recorde-no-encceja-diz-abraham-weintraub\" target=\"_blank\" rel=\"noreferrer noopener\">recorde hist\u00f3rico segundo<\/a>&nbsp;o ministro da Educa\u00e7\u00e3o, Abraham Weintraub. No total, inscreveram-se pessoas de 613 munic\u00edpios de todas as regi\u00f5es do pa\u00eds.<\/p>\n\n\n\n<figure class=\"wp-block-image\"><img decoding=\"async\" data-src=\"http:\/\/imagens.ebc.com.br\/h_1Nfni1a-M-BDvKtW9qD4ahDEY=\/365x0\/smart\/http:\/\/agenciabrasil.ebc.com.br\/sites\/default\/files\/thumbnails\/image\/encceja.jpeg?itok=Za_mFRFn\" alt=\"encceja, estudantes, prova \" src=\"data:image\/svg+xml;base64,PHN2ZyB3aWR0aD0iMSIgaGVpZ2h0PSIxIiB4bWxucz0iaHR0cDovL3d3dy53My5vcmcvMjAwMC9zdmciPjwvc3ZnPg==\" class=\"lazyload\" \/><\/figure>\n\n\n\n<p><strong>Divulga\u00e7\u00e3o\/ MEC<\/strong><\/p>\n\n\n\n<p>Os gabaritos devem ser divulgados no dia 6 de setembro. J\u00e1 os resultados est\u00e3o previstos para dezembro, em dia ainda n\u00e3o divulgado pelo Minist\u00e9rio da Educa\u00e7\u00e3o.<\/p>\n\n\n\n<p>O Encceja \u00e9 voltado para pessoas que n\u00e3o terminaram os estudos na idade adequada e desejam obter a certifica\u00e7\u00e3o de conclus\u00e3o do ensino fundamental ou m\u00e9dio. Para o certificado de ensino fundamental a idade m\u00ednima \u00e9 de 15 anos. J\u00e1 para o de ensino m\u00e9dio, o exigido \u00e9 pelo menos 18 anos.<\/p>\n\n\n\n<h2 class=\"wp-block-heading\">Encceja Exterior<\/h2>\n\n\n\n<p>J\u00e1 quem vai fazer o Encceja Exterior, para brasileiros residentes em outros pa\u00edses, j\u00e1 pode conferir os locais de prova. Eles podem ser conhecidos por meio do cart\u00e3o de confirma\u00e7\u00e3o de inscri\u00e7\u00e3o, que pode ser acessado pela p\u00e1gina do candidato.<\/p>\n\n\n\n<p>O exame ser\u00e1 aplicado em 18 cidades em 12 pa\u00edses: Bruxelas (B\u00e9lgica); Barcelona e Madri (Espanha); Boston, Houston, Nova Iorque e Miami (Estados Unidos); Paris (Fran\u00e7a); Caiena (Guiana Francesa); Amsterd\u00e3 (Holanda); Roma (It\u00e1lia); Nagoia, Hamamatsu e T\u00f3quio (Jap\u00e3o); Lisboa (Portugal); Londres (Reino Unido), Genebra (Su\u00ed\u00e7a) e Paramaribo (Suriname) .<\/p>\n","protected":false},"excerpt":{"rendered":"<p>Termina nesta sexta-feira (30) o prazo para recursos de quem participou do Exame Nacional para Certifica\u00e7\u00e3o de Compet\u00eancias de Jovens e Adultos (Encceja). A prova&hellip; <\/p>\n","protected":false},"author":1,"featured_media":105886,"comment_status":"closed","ping_status":"closed","sticky":false,"template":"","format":"standard","meta":{"sfsi_plus_gutenberg_text_before_share":"","sfsi_plus_gutenberg_show_text_before_share":"","sfsi_plus_gutenberg_icon_type":"","sfsi_plus_gutenberg_icon_alignemt":"","sfsi_plus_gutenburg_max_per_row":"","footnotes":""},"categories":[2],"tags":[],"class_list":["post-112570","post","type-post","status-publish","format-standard","has-post-thumbnail","hentry","category-geral"],"_links":{"self":[{"href":"https:\/\/www.caririemacao.com\/1\/wp-json\/wp\/v2\/posts\/112570","targetHints":{"allow":["GET"]}}],"collection":[{"href":"https:\/\/www.caririemacao.com\/1\/wp-json\/wp\/v2\/posts"}],"about":[{"href":"https:\/\/www.caririemacao.com\/1\/wp-json\/wp\/v2\/types\/post"}],"author":[{"embeddable":true,"href":"https:\/\/www.caririemacao.com\/1\/wp-json\/wp\/v2\/users\/1"}],"replies":[{"embeddable":true,"href":"https:\/\/www.caririemacao.com\/1\/wp-json\/wp\/v2\/comments?post=112570"}],"version-history":[{"count":1,"href":"https:\/\/www.caririemacao.com\/1\/wp-json\/wp\/v2\/posts\/112570\/revisions"}],"predecessor-version":[{"id":112572,"href":"https:\/\/www.caririemacao.com\/1\/wp-json\/wp\/v2\/posts\/112570\/revisions\/112572"}],"wp:featuredmedia":[{"embeddable":true,"href":"https:\/\/www.caririemacao.com\/1\/wp-json\/wp\/v2\/media\/105886"}],"wp:attachment":[{"href":"https:\/\/www.caririemacao.com\/1\/wp-json\/wp\/v2\/media?parent=112570"}],"wp:term":[{"taxonomy":"category","embeddable":true,"href":"https:\/\/www.caririemacao.com\/1\/wp-json\/wp\/v2\/categories?post=112570"},{"taxonomy":"post_tag","embeddable":true,"href":"https:\/\/www.caririemacao.com\/1\/wp-json\/wp\/v2\/tags?post=112570"}],"curies":[{"name":"wp","href":"https:\/\/api.w.org\/{rel}","templated":true}]}}