{"id":112587,"date":"2019-08-29T15:18:13","date_gmt":"2019-08-29T18:18:13","guid":{"rendered":"http:\/\/www.caririemacao.com\/1\/?p=112587"},"modified":"2019-08-29T15:18:13","modified_gmt":"2019-08-29T18:18:13","slug":"alcolumbre-anuncia-instalacao-da-cpmi-das-fake-news","status":"publish","type":"post","link":"https:\/\/www.caririemacao.com\/1\/2019\/08\/29\/alcolumbre-anuncia-instalacao-da-cpmi-das-fake-news\/","title":{"rendered":"Alcolumbre anuncia instala\u00e7\u00e3o da CPMI das Fake News"},"content":{"rendered":"\n<p>\u00c1 Comiss\u00e3o Parlamentar Mista de Inqu\u00e9rito que, entre outros assuntos, vai apurar not\u00edcias falsas durante as elei\u00e7\u00f5es de 2018, a CPI das Fake News, ser\u00e1 instalada na pr\u00f3xima semana, anunciou, nesta quinta-feira (29), o presidente do Senado, Davi Alcolumbre (DEM-AP). Ele adiantou que a presid\u00eancia do colegiado caber\u00e1 a um senador, e relatoria ser\u00e1 de um deputado. Os escolhidos ser\u00e3o anunciados j\u00e1 na pr\u00f3xima na segunda-feira (2).Composta por 15 senadores e 15 deputados titulares e igual n\u00famero de suplentes, a comiss\u00e3o ter\u00e1 180 dias para investigar a cria\u00e7\u00e3o de perfis falsos para influenciar as elei\u00e7\u00f5es do ano passado e os ataques cibern\u00e9ticos contra a democracia e o debate p\u00fablico. Tamb\u00e9m ser\u00e1 alvo da mesma CPI a pr\u00e1tica de ciberbullying contra autoridades e cidad\u00e3os vulner\u00e1veis e o aliciamento de crian\u00e7as para o cometimento de crimes de \u00f3dio e suic\u00eddio.<br>VetosTamb\u00e9m na pr\u00f3xima semana, Alcolumbre disse que convocar\u00e1 uma sess\u00e3o do Congresso Nacional para apreciar vetos presidenciais e a Lei de Diretrizes Or\u00e7ament\u00e1rias\u00a0<a href=\"https:\/\/legis.senado.leg.br\/sdleg-getter\/documento?dm=7942241&amp;ts=1567086126508&amp;disposition=inline\">(PLN 5\/2019)<\/a>. Outra proposta que ser\u00e1 votada na semana que vem, mas em sess\u00e3o do Senado, \u00e9 a emenda \u00e0 Constitui\u00e7\u00e3o\u00a0<a href=\"https:\/\/legis.senado.leg.br\/sdleg-getter\/documento?dm=7971083&amp;ts=1567027030914&amp;disposition=inline\">(PEC 98\/2019)<\/a>\u00a0que trata da cess\u00e3o onerosa.Segundo Davi Alcolumbre, h\u00e1 entendimento entre os l\u00edderes partid\u00e1rios para aprova\u00e7\u00e3o da mat\u00e9ria, que poder\u00e1 ocorrer ter\u00e7a-feira (3) ou quarta-feira (4).<br>Cess\u00e3o onerosaOntem (28), a Comiss\u00e3o de Constitui\u00e7\u00e3o e Justi\u00e7a (CCJ) do Senado aprovou o relat\u00f3rio do senador Cid Gomes (PDT-CE) da PEC da Cess\u00e3o Onerosa. O texto permite a distribui\u00e7\u00e3o a estados e munic\u00edpios de parte dos recursos arrecadados, eventualmente, em mega-leil\u00e3o de \u00e1reas de petr\u00f3leo previsto para novembro. A Uni\u00e3o prev\u00ea arrecadar R$ 106,561 bilh\u00f5es em b\u00f4nus de assinatura com o leil\u00e3o do excedente da cess\u00e3o onerosa, marcado para 6 de novembro, caso todas as \u00e1reas sejam arrematadas.O texto obriga a Uni\u00e3o a transferir 15% dos valores arrecadados a estados e 15% a munic\u00edpios. Tamb\u00e9m exclui essa transfer\u00eancia do teto de despesas prim\u00e1rias do Or\u00e7amento da Uni\u00e3o, o teto de gastos. Uma parte do valor arrecadado com o leil\u00e3o tamb\u00e9m ser\u00e1 utilizada para pagar a Petrobras, com quem a Uni\u00e3o acertou as contas ap\u00f3s uma renegocia\u00e7\u00e3o do contrato original da cess\u00e3o onerosa.<\/p>\n","protected":false},"excerpt":{"rendered":"<p>\u00c1 Comiss\u00e3o Parlamentar Mista de Inqu\u00e9rito que, entre outros assuntos, vai apurar not\u00edcias falsas durante as elei\u00e7\u00f5es de 2018, a CPI das Fake News, ser\u00e1&hellip; <\/p>\n","protected":false},"author":1,"featured_media":97053,"comment_status":"closed","ping_status":"closed","sticky":false,"template":"","format":"standard","meta":{"sfsi_plus_gutenberg_text_before_share":"","sfsi_plus_gutenberg_show_text_before_share":"","sfsi_plus_gutenberg_icon_type":"","sfsi_plus_gutenberg_icon_alignemt":"","sfsi_plus_gutenburg_max_per_row":"","footnotes":""},"categories":[2],"tags":[],"class_list":["post-112587","post","type-post","status-publish","format-standard","has-post-thumbnail","hentry","category-geral"],"_links":{"self":[{"href":"https:\/\/www.caririemacao.com\/1\/wp-json\/wp\/v2\/posts\/112587","targetHints":{"allow":["GET"]}}],"collection":[{"href":"https:\/\/www.caririemacao.com\/1\/wp-json\/wp\/v2\/posts"}],"about":[{"href":"https:\/\/www.caririemacao.com\/1\/wp-json\/wp\/v2\/types\/post"}],"author":[{"embeddable":true,"href":"https:\/\/www.caririemacao.com\/1\/wp-json\/wp\/v2\/users\/1"}],"replies":[{"embeddable":true,"href":"https:\/\/www.caririemacao.com\/1\/wp-json\/wp\/v2\/comments?post=112587"}],"version-history":[{"count":1,"href":"https:\/\/www.caririemacao.com\/1\/wp-json\/wp\/v2\/posts\/112587\/revisions"}],"predecessor-version":[{"id":112589,"href":"https:\/\/www.caririemacao.com\/1\/wp-json\/wp\/v2\/posts\/112587\/revisions\/112589"}],"wp:featuredmedia":[{"embeddable":true,"href":"https:\/\/www.caririemacao.com\/1\/wp-json\/wp\/v2\/media\/97053"}],"wp:attachment":[{"href":"https:\/\/www.caririemacao.com\/1\/wp-json\/wp\/v2\/media?parent=112587"}],"wp:term":[{"taxonomy":"category","embeddable":true,"href":"https:\/\/www.caririemacao.com\/1\/wp-json\/wp\/v2\/categories?post=112587"},{"taxonomy":"post_tag","embeddable":true,"href":"https:\/\/www.caririemacao.com\/1\/wp-json\/wp\/v2\/tags?post=112587"}],"curies":[{"name":"wp","href":"https:\/\/api.w.org\/{rel}","templated":true}]}}