{"id":112611,"date":"2019-08-29T18:33:34","date_gmt":"2019-08-29T21:33:34","guid":{"rendered":"http:\/\/www.caririemacao.com\/1\/?p=112611"},"modified":"2019-08-29T18:33:34","modified_gmt":"2019-08-29T21:33:34","slug":"caravana-lula-livre-com-haddad-chega-a-paraiba-para-sos-transposicao-apos-cruzar-pe-e-ceara","status":"publish","type":"post","link":"https:\/\/www.caririemacao.com\/1\/2019\/08\/29\/caravana-lula-livre-com-haddad-chega-a-paraiba-para-sos-transposicao-apos-cruzar-pe-e-ceara\/","title":{"rendered":"Caravana Lula Livre, com Haddad, chega \u00e0 Para\u00edba para &#8216;SOS Transposi\u00e7\u00e3o&#8217; ap\u00f3s cruzar PE e Cear\u00e1"},"content":{"rendered":"\n<p>A &#8216;Caravana Lula Livre&#8217; vai encerrar a programa\u00e7\u00e3o de maratona pelo Nordeste com uma passagem pelo ato &#8216;SOS Transposi\u00e7\u00e3o&#8217;, que acontecer\u00e1 no domingo (1\u00ba), no munic\u00edpio de Monteiro. A manifesta\u00e7\u00e3o no Cariri da Para\u00edba \u00e9 organizada pelo ex-governador Ricardo Coutinho.<\/p>\n\n\n\n<p>&#8220;A cada dia que passa, fica mais evidente que a pris\u00e3o do ex-presidente Lula \u00e9 pol\u00edtica e sempre teve um objetivo: impedir que a maior lideran\u00e7a do pa\u00eds participasse das elei\u00e7\u00f5es, completando o golpe que est\u00e1 em curso no pa\u00eds desde o golpe contra&nbsp; Dilma Rousseff. Com o objetivo de denunciar essa injusti\u00e7a, a&nbsp; Caravana Lula Livre com Fernando Haddad chega ao Nordeste nesta sexta-feira (30) e vai passar por Cear\u00e1, Pernambuco e Para\u00edba&#8221;, diz o PT em nota publicada no site do partido.<\/p>\n\n\n\n<p>O PT lembra que Lula inaugurou a obra de transposi\u00e7\u00e3o, em Monteiro. &#8220;Nesse \u00faltimo, a comitiva vai realizar um ato no munic\u00edpio de Monteiro, onde&nbsp; Lula fez a inaugura\u00e7\u00e3o hist\u00f3rica da transposi\u00e7\u00e3o do Rio S\u00e3o Francisco \u2013 iniciativa do ex-presidente que tem potencial para levar \u00e1gua para 12 milh\u00f5es de brasileiros em 390 munic\u00edpios do pa\u00eds, mas que est\u00e1 com o bombeamento suspenso h\u00e1 seis meses pelo desgoverno de Jair Bolsonaro (PSL).&#8221;<\/p>\n\n\n\n<p>Segundo o partido, a Caravana conta com a presen\u00e7a da presidenta nacional do PT, Gleisi Hoffmann e tamb\u00e9m tem o papel de denunciar o &#8216;desmonte&#8217; do Estado brasileiro promovido por Bolsonaro, que, de acordo com o PT, s\u00f3 conseguiu se eleger porque Lula foi impedido n\u00e3o s\u00f3 de disputar, como tamb\u00e9m de falar com o povo brasileiro durante todo o per\u00edodo eleitoral.<\/p>\n\n\n\n<p>O vice-presidente nacional do Partido dos Trabalhadores e coordenador das caravanas, M\u00e1rcio Mac\u00eado, ressalta que a Caravana Lula Livre com Fernando Haddad tem o \u201cobjetivo central de denunciar a pris\u00e3o injusta, ilegal e arbitr\u00e1ria de Lula\u201d.<\/p>\n\n\n\n<p>Mac\u00eado, que coordena a comitiva, cita as reportagens do site The Intercept Brasil sobre o que chama de ilegalidades da Opera\u00e7\u00e3o Lava Jato que atuou em \u201cconluio para tirar Lula das elei\u00e7\u00f5es e prend\u00ea-lo por persegui\u00e7\u00e3o pol\u00edtica para que Bolsonaro fosse presidente e Moro ministro\u201d.<\/p>\n\n\n\n<p>Nesse contexto, a Caravana tamb\u00e9m tem o papel de \u201cdenunciar o desmonte do Estado brasileiro por Bolsonaro\u201d. Por isso, tamb\u00e9m aborda quest\u00f5es centrais no pa\u00eds: a defesa da Previd\u00eancia Social, da Educa\u00e7\u00e3o e do meio ambiente.<\/p>\n\n\n\n<p>Essa \u00faltima pauta ganhou destaque internacional com o governo Bolsonaro, que, ainda segundo o PT, est\u00e1 destruindo a floresta amaz\u00f4nica e a imagem do Brasil no mundo. \u201cA postura do governo incentiva as queimadas e os inc\u00eandios na Amaz\u00f4nia, incentiva a a\u00e7\u00e3o de grileiros e milicianos para desmatar e queimar a floresta&#8221;, critica Mac\u00eado.<\/p>\n\n\n\n<p>Em agosto, j\u00e1 foram registrados 27.497 focos de inc\u00eandio pelo Instituto Nacional de Pesquisas Espaciais (Inpe). O n\u00famero \u00e9 maior que a m\u00e9dia do m\u00eas nos \u00faltimos 21 anos. J\u00e1 no acumulado desde janeiro, o Inpe registrou uma salto de 82% nas queimadas em compara\u00e7\u00e3o com o mesmo per\u00edodo do ano passado.<\/p>\n","protected":false},"excerpt":{"rendered":"<p>A &#8216;Caravana Lula Livre&#8217; vai encerrar a programa\u00e7\u00e3o de maratona pelo Nordeste com uma passagem pelo ato &#8216;SOS Transposi\u00e7\u00e3o&#8217;, que acontecer\u00e1 no domingo (1\u00ba), no&hellip; <\/p>\n","protected":false},"author":1,"featured_media":112613,"comment_status":"closed","ping_status":"closed","sticky":false,"template":"","format":"standard","meta":{"sfsi_plus_gutenberg_text_before_share":"","sfsi_plus_gutenberg_show_text_before_share":"","sfsi_plus_gutenberg_icon_type":"","sfsi_plus_gutenberg_icon_alignemt":"","sfsi_plus_gutenburg_max_per_row":"","footnotes":""},"categories":[2],"tags":[],"class_list":["post-112611","post","type-post","status-publish","format-standard","has-post-thumbnail","hentry","category-geral"],"_links":{"self":[{"href":"https:\/\/www.caririemacao.com\/1\/wp-json\/wp\/v2\/posts\/112611","targetHints":{"allow":["GET"]}}],"collection":[{"href":"https:\/\/www.caririemacao.com\/1\/wp-json\/wp\/v2\/posts"}],"about":[{"href":"https:\/\/www.caririemacao.com\/1\/wp-json\/wp\/v2\/types\/post"}],"author":[{"embeddable":true,"href":"https:\/\/www.caririemacao.com\/1\/wp-json\/wp\/v2\/users\/1"}],"replies":[{"embeddable":true,"href":"https:\/\/www.caririemacao.com\/1\/wp-json\/wp\/v2\/comments?post=112611"}],"version-history":[{"count":1,"href":"https:\/\/www.caririemacao.com\/1\/wp-json\/wp\/v2\/posts\/112611\/revisions"}],"predecessor-version":[{"id":112614,"href":"https:\/\/www.caririemacao.com\/1\/wp-json\/wp\/v2\/posts\/112611\/revisions\/112614"}],"wp:featuredmedia":[{"embeddable":true,"href":"https:\/\/www.caririemacao.com\/1\/wp-json\/wp\/v2\/media\/112613"}],"wp:attachment":[{"href":"https:\/\/www.caririemacao.com\/1\/wp-json\/wp\/v2\/media?parent=112611"}],"wp:term":[{"taxonomy":"category","embeddable":true,"href":"https:\/\/www.caririemacao.com\/1\/wp-json\/wp\/v2\/categories?post=112611"},{"taxonomy":"post_tag","embeddable":true,"href":"https:\/\/www.caririemacao.com\/1\/wp-json\/wp\/v2\/tags?post=112611"}],"curies":[{"name":"wp","href":"https:\/\/api.w.org\/{rel}","templated":true}]}}