{"id":112622,"date":"2019-08-30T01:38:40","date_gmt":"2019-08-30T04:38:40","guid":{"rendered":"http:\/\/www.caririemacao.com\/1\/?p=112622"},"modified":"2019-08-30T01:38:40","modified_gmt":"2019-08-30T04:38:40","slug":"grave-acidente-colisao-entre-carro-e-moto-deixa-feridos-no-cariri","status":"publish","type":"post","link":"https:\/\/www.caririemacao.com\/1\/2019\/08\/30\/grave-acidente-colisao-entre-carro-e-moto-deixa-feridos-no-cariri\/","title":{"rendered":"GRAVE ACIDENTE: Colis\u00e3o entre carro e moto deixa feridos no Cariri"},"content":{"rendered":"\n<p>A colis\u00e3o envolvendo dois ve\u00edculos deixou uma pessoa ferida na tarde desta quinta-feira (29), na BR  110, em Monteiro.<br> De acordo com informa\u00e7\u00f5es, o acidente aconteceu na entrada para o s\u00edtio Rigideira zona rural do  municipio.<\/p>\n\n\n\n<p>A frente dos ve\u00edculos envolvidos no acidente ficou bastante danificadas com a for\u00e7a da colis\u00e3o. <\/p>\n\n\n\n<p>O condutor da motocicleta, que n\u00e3o teve o nome divulgado, for socorrido consciente, com  escoria\u00e7\u00f5es para o Hospital Regional de Monteiro.<\/p>\n","protected":false},"excerpt":{"rendered":"<p>A colis\u00e3o envolvendo dois ve\u00edculos deixou uma pessoa ferida na tarde desta quinta-feira (29), na BR 110, em Monteiro. De acordo com informa\u00e7\u00f5es, o acidente&hellip; <\/p>\n","protected":false},"author":2,"featured_media":112624,"comment_status":"closed","ping_status":"closed","sticky":false,"template":"","format":"standard","meta":{"sfsi_plus_gutenberg_text_before_share":"","sfsi_plus_gutenberg_show_text_before_share":"","sfsi_plus_gutenberg_icon_type":"","sfsi_plus_gutenberg_icon_alignemt":"","sfsi_plus_gutenburg_max_per_row":"","footnotes":""},"categories":[50,12],"tags":[],"class_list":["post-112622","post","type-post","status-publish","format-standard","has-post-thumbnail","hentry","category-destaque","category-policia"],"_links":{"self":[{"href":"https:\/\/www.caririemacao.com\/1\/wp-json\/wp\/v2\/posts\/112622","targetHints":{"allow":["GET"]}}],"collection":[{"href":"https:\/\/www.caririemacao.com\/1\/wp-json\/wp\/v2\/posts"}],"about":[{"href":"https:\/\/www.caririemacao.com\/1\/wp-json\/wp\/v2\/types\/post"}],"author":[{"embeddable":true,"href":"https:\/\/www.caririemacao.com\/1\/wp-json\/wp\/v2\/users\/2"}],"replies":[{"embeddable":true,"href":"https:\/\/www.caririemacao.com\/1\/wp-json\/wp\/v2\/comments?post=112622"}],"version-history":[{"count":1,"href":"https:\/\/www.caririemacao.com\/1\/wp-json\/wp\/v2\/posts\/112622\/revisions"}],"predecessor-version":[{"id":112625,"href":"https:\/\/www.caririemacao.com\/1\/wp-json\/wp\/v2\/posts\/112622\/revisions\/112625"}],"wp:featuredmedia":[{"embeddable":true,"href":"https:\/\/www.caririemacao.com\/1\/wp-json\/wp\/v2\/media\/112624"}],"wp:attachment":[{"href":"https:\/\/www.caririemacao.com\/1\/wp-json\/wp\/v2\/media?parent=112622"}],"wp:term":[{"taxonomy":"category","embeddable":true,"href":"https:\/\/www.caririemacao.com\/1\/wp-json\/wp\/v2\/categories?post=112622"},{"taxonomy":"post_tag","embeddable":true,"href":"https:\/\/www.caririemacao.com\/1\/wp-json\/wp\/v2\/tags?post=112622"}],"curies":[{"name":"wp","href":"https:\/\/api.w.org\/{rel}","templated":true}]}}