{"id":112627,"date":"2019-08-30T06:34:44","date_gmt":"2019-08-30T09:34:44","guid":{"rendered":"http:\/\/www.caririemacao.com\/1\/?p=112627"},"modified":"2019-08-30T06:34:44","modified_gmt":"2019-08-30T09:34:44","slug":"parapan-brasileiro-supera-trauma-e-estreia-na-selecao-de-natacao","status":"publish","type":"post","link":"https:\/\/www.caririemacao.com\/1\/2019\/08\/30\/parapan-brasileiro-supera-trauma-e-estreia-na-selecao-de-natacao\/","title":{"rendered":"Parapan: brasileiro supera trauma e estreia na sele\u00e7\u00e3o de nata\u00e7\u00e3o"},"content":{"rendered":"\n<p>Toda vez que vou nadar eu penso no meu irm\u00e3o. Ele \u00e9 uma fonte de inspira\u00e7\u00e3o para a minha vida. Gostaria que ele estivesse aqui para ser o bra\u00e7o direito que eu n\u00e3o tenho.\u201d Assim o nadador Bruno Becker fala do irm\u00e3o Marcelo, que morreu afogado em 2005, com 13 anos de idade, em uma cachoeira na cidade de Atalanta, pequeno munic\u00edpio do interior de Santa Catarina.<\/p>\n\n\n\n<p>A homenagem j\u00e1 demonstra a liga\u00e7\u00e3o do atleta com a \u00e1gua e a fam\u00edlia. \u201cEu procurei dar mais alegrias para eles depois que o meu irm\u00e3o se foi. Sei que todos eles gostam muito da \u00e1gua. E continuar buscando desafios me pareceu a melhor forma. Meu primeiro treino foi no dia do anivers\u00e1rio dele, 13 de fevereiro de 2012\u201d, diz o jovem de 28 anos que, por ser portador de uma anomalia cong\u00eanita, n\u00e3o tem as duas pernas e um bra\u00e7o. Mesmo assim, Bruno driblou todas as adversidades e conseguiu a vaga na sele\u00e7\u00e3o brasileira de nata\u00e7\u00e3o paral\u00edmpica.<\/p>\n\n\n\n<figure class=\"wp-block-image\"><img decoding=\"async\" data-src=\"http:\/\/imagens.ebc.com.br\/cuUl8EK1-Un3x_KFc60RsGi2kAk=\/754x0\/smart\/http:\/\/agenciabrasil.ebc.com.br\/sites\/default\/files\/thumbnails\/image\/bruno_becker.jpg?itok=gt0GqQZV\" alt=\"Nadador Bruno Becker conquista medalha de bronze no Parapan de Lima, \" src=\"data:image\/svg+xml;base64,PHN2ZyB3aWR0aD0iMSIgaGVpZ2h0PSIxIiB4bWxucz0iaHR0cDovL3d3dy53My5vcmcvMjAwMC9zdmciPjwvc3ZnPg==\" class=\"lazyload\" \/><\/figure>\n\n\n\n<p>Divulga\u00e7\u00e3o\/ Prefeitura de Atalanta<br><\/p>\n\n\n\n<h2 class=\"wp-block-heading\">Estreia em competi\u00e7\u00f5es internacionais<\/h2>\n\n\n\n<p>O Parapan deste ano marca a estreia do nadador catarinense fora do Brasil. E ele j\u00e1 deu a sua contribui\u00e7\u00e3o para o pa\u00eds no quadro de medalhas: foi bronze nos 200 metros livre. \u201cDemais, mas ficou aquele gostinho de &#8216;quero mais&#8217;. Tive um erro t\u00e9cnico que me custou a prata. Eu vinha em uma balada muito boa, poderia ter sido melhor. Mas o mais legal aqui tem sido a alegria e a acolhida dos peruanos e a felicidade dos brasileiros com as nossas conquistas\u201d, comemorou.<br><br>Sair do interior de Santa Catarina, conseguir a vaga na sele\u00e7\u00e3o brasileira, conquistar medalha na estreia em Parapans. Mas o nadador ainda quer mais. Ele tem outras tr\u00eas provas em Lima: 50 metros borboleta e 50 e 100m livre. Depois, ele parte com a sele\u00e7\u00e3o para o Mundial de Londres e sabe bem o que precisar fazer l\u00e1. \u201cMeu foco \u00e9 a prova dos 200m. Preciso corrigir alguns erros. \u00c9 ela que vai me garantir o \u00edndice para T\u00f3quio, o meu grande sonho\u201d.<\/p>\n","protected":false},"excerpt":{"rendered":"<p>Toda vez que vou nadar eu penso no meu irm\u00e3o. Ele \u00e9 uma fonte de inspira\u00e7\u00e3o para a minha vida. Gostaria que ele estivesse aqui&hellip; <\/p>\n","protected":false},"author":1,"featured_media":112629,"comment_status":"closed","ping_status":"closed","sticky":false,"template":"","format":"standard","meta":{"sfsi_plus_gutenberg_text_before_share":"","sfsi_plus_gutenberg_show_text_before_share":"","sfsi_plus_gutenberg_icon_type":"","sfsi_plus_gutenberg_icon_alignemt":"","sfsi_plus_gutenburg_max_per_row":"","footnotes":""},"categories":[13],"tags":[],"class_list":["post-112627","post","type-post","status-publish","format-standard","has-post-thumbnail","hentry","category-esportes"],"_links":{"self":[{"href":"https:\/\/www.caririemacao.com\/1\/wp-json\/wp\/v2\/posts\/112627","targetHints":{"allow":["GET"]}}],"collection":[{"href":"https:\/\/www.caririemacao.com\/1\/wp-json\/wp\/v2\/posts"}],"about":[{"href":"https:\/\/www.caririemacao.com\/1\/wp-json\/wp\/v2\/types\/post"}],"author":[{"embeddable":true,"href":"https:\/\/www.caririemacao.com\/1\/wp-json\/wp\/v2\/users\/1"}],"replies":[{"embeddable":true,"href":"https:\/\/www.caririemacao.com\/1\/wp-json\/wp\/v2\/comments?post=112627"}],"version-history":[{"count":1,"href":"https:\/\/www.caririemacao.com\/1\/wp-json\/wp\/v2\/posts\/112627\/revisions"}],"predecessor-version":[{"id":112630,"href":"https:\/\/www.caririemacao.com\/1\/wp-json\/wp\/v2\/posts\/112627\/revisions\/112630"}],"wp:featuredmedia":[{"embeddable":true,"href":"https:\/\/www.caririemacao.com\/1\/wp-json\/wp\/v2\/media\/112629"}],"wp:attachment":[{"href":"https:\/\/www.caririemacao.com\/1\/wp-json\/wp\/v2\/media?parent=112627"}],"wp:term":[{"taxonomy":"category","embeddable":true,"href":"https:\/\/www.caririemacao.com\/1\/wp-json\/wp\/v2\/categories?post=112627"},{"taxonomy":"post_tag","embeddable":true,"href":"https:\/\/www.caririemacao.com\/1\/wp-json\/wp\/v2\/tags?post=112627"}],"curies":[{"name":"wp","href":"https:\/\/api.w.org\/{rel}","templated":true}]}}