{"id":112643,"date":"2019-08-30T07:53:13","date_gmt":"2019-08-30T10:53:13","guid":{"rendered":"http:\/\/www.caririemacao.com\/1\/?p=112643"},"modified":"2019-08-30T07:53:13","modified_gmt":"2019-08-30T10:53:13","slug":"conferencia-sobre-africa-termina-com-adocao-de-declaracao-de-yokohama","status":"publish","type":"post","link":"https:\/\/www.caririemacao.com\/1\/2019\/08\/30\/conferencia-sobre-africa-termina-com-adocao-de-declaracao-de-yokohama\/","title":{"rendered":"Confer\u00eancia sobre \u00c1frica termina com ado\u00e7\u00e3o de Declara\u00e7\u00e3o de Yokohama"},"content":{"rendered":"\n<p> Por\u00a0NHK (Conglomerado de m\u00eddia p\u00fablica do Jap\u00e3o)\u00a0Yokohama<\/p>\n\n\n\n<p>Uma grande confer\u00eancia, denominada Ticad, com tr\u00eas dias de dura\u00e7\u00e3o, que debateu o desenvolvimento econ\u00f4mico e social da \u00c1frica terminou nesta sexta-feira, em Yokohama, Jap\u00e3o, com l\u00edderes e representantes adotando a &#8220;Declara\u00e7\u00e3o de Yokohama&#8221;.<\/p>\n\n\n\n<p>Esta foi a s\u00e9tima edi\u00e7\u00e3o da confer\u00eancia desde que come\u00e7ou a ser realizada, em 1993. A&nbsp;Ticad \u00e9 o pilar da pol\u00edtica estrangeira do Jap\u00e3o na \u00c1frica.<\/p>\n\n\n\n<p>Na cerim\u00f4nia de encerramento, o primeiro-ministro do Jap\u00e3o, Shinzo Abe, disse o seguinte: &#8220;Uma \u00c1frica din\u00e2mica \u00e9, agora, uma parceira do Jap\u00e3o, e n\u00f3s vamos crescer juntos. Confirmei este sentimento atrav\u00e9s da confer\u00eancia que presidi por tr\u00eas vezes.&#8221;<\/p>\n\n\n\n<p>A declara\u00e7\u00e3o final mencionou o aproveitamento do potencial de investimentos do setor privado para melhorar o crescimento econ\u00f4mico e social na \u00c1frica.<\/p>\n\n\n\n<p>Tamb\u00e9m prometeu continuar a combater doen\u00e7as infecciosas investindo mais em iniciativas no setor de sa\u00fade.<\/p>\n","protected":false},"excerpt":{"rendered":"<p>Por\u00a0NHK (Conglomerado de m\u00eddia p\u00fablica do Jap\u00e3o)\u00a0Yokohama Uma grande confer\u00eancia, denominada Ticad, com tr\u00eas dias de dura\u00e7\u00e3o, que debateu o desenvolvimento econ\u00f4mico e social da&hellip; <\/p>\n","protected":false},"author":1,"featured_media":112645,"comment_status":"closed","ping_status":"closed","sticky":false,"template":"","format":"standard","meta":{"sfsi_plus_gutenberg_text_before_share":"","sfsi_plus_gutenberg_show_text_before_share":"","sfsi_plus_gutenberg_icon_type":"","sfsi_plus_gutenberg_icon_alignemt":"","sfsi_plus_gutenburg_max_per_row":"","footnotes":""},"categories":[2],"tags":[],"class_list":["post-112643","post","type-post","status-publish","format-standard","has-post-thumbnail","hentry","category-geral"],"_links":{"self":[{"href":"https:\/\/www.caririemacao.com\/1\/wp-json\/wp\/v2\/posts\/112643","targetHints":{"allow":["GET"]}}],"collection":[{"href":"https:\/\/www.caririemacao.com\/1\/wp-json\/wp\/v2\/posts"}],"about":[{"href":"https:\/\/www.caririemacao.com\/1\/wp-json\/wp\/v2\/types\/post"}],"author":[{"embeddable":true,"href":"https:\/\/www.caririemacao.com\/1\/wp-json\/wp\/v2\/users\/1"}],"replies":[{"embeddable":true,"href":"https:\/\/www.caririemacao.com\/1\/wp-json\/wp\/v2\/comments?post=112643"}],"version-history":[{"count":1,"href":"https:\/\/www.caririemacao.com\/1\/wp-json\/wp\/v2\/posts\/112643\/revisions"}],"predecessor-version":[{"id":112646,"href":"https:\/\/www.caririemacao.com\/1\/wp-json\/wp\/v2\/posts\/112643\/revisions\/112646"}],"wp:featuredmedia":[{"embeddable":true,"href":"https:\/\/www.caririemacao.com\/1\/wp-json\/wp\/v2\/media\/112645"}],"wp:attachment":[{"href":"https:\/\/www.caririemacao.com\/1\/wp-json\/wp\/v2\/media?parent=112643"}],"wp:term":[{"taxonomy":"category","embeddable":true,"href":"https:\/\/www.caririemacao.com\/1\/wp-json\/wp\/v2\/categories?post=112643"},{"taxonomy":"post_tag","embeddable":true,"href":"https:\/\/www.caririemacao.com\/1\/wp-json\/wp\/v2\/tags?post=112643"}],"curies":[{"name":"wp","href":"https:\/\/api.w.org\/{rel}","templated":true}]}}