{"id":112664,"date":"2019-08-30T08:01:30","date_gmt":"2019-08-30T11:01:30","guid":{"rendered":"http:\/\/www.caririemacao.com\/1\/?p=112664"},"modified":"2019-08-30T08:01:30","modified_gmt":"2019-08-30T11:01:30","slug":"criancas-terao-atendimento-especial-na-bienal-internacional-do-livro","status":"publish","type":"post","link":"https:\/\/www.caririemacao.com\/1\/2019\/08\/30\/criancas-terao-atendimento-especial-na-bienal-internacional-do-livro\/","title":{"rendered":"Crian\u00e7as ter\u00e3o atendimento especial na Bienal Internacional do Livro"},"content":{"rendered":"\n<p> Mais de 112 mil alunos de escolas p\u00fablicas e particulares j\u00e1 est\u00e3o cadastrados para visitar a 19\u00aa Bienal Internacional do Livro do Rio de Janeiro, que ser\u00e1 aberta hoje (30), \u00e0s 9h. O n\u00famero representa o dobro dos estudantes inscritos na edi\u00e7\u00e3o anterior, de 2017. Desde a primeira edi\u00e7\u00e3o da Bienal, o total de estudantes que participou do evento supera 1,5 milh\u00e3o.<\/p>\n\n\n\n<p>O projeto Visita\u00e7\u00e3o Escolar tem o objetivo de aproximar crian\u00e7as e adolescentes do universo liter\u00e1rio e se destina a alunos na faixa et\u00e1ria de 6 a 14 anos, que ter\u00e3o seis dias especialmente reservados para eles, com benef\u00edcios diferenciados. A visita\u00e7\u00e3o escolar ocorre de segunda a sexta-feira, das 9h \u00e0s 17h. Alunos de escolas p\u00fablicas indicadas por secretarias de Educa\u00e7\u00e3o parceiras t\u00eam gratuidade na visita e ainda recebem das prefeituras e do estado um \u201cdinheiro\u201d customizado para que possam sair do evento com, pelo menos, um livro. Professores e bibliotec\u00e1rios t\u00eam acesso gratuito \u00e0 Bienal.<\/p>\n\n\n\n<h2 class=\"wp-block-heading\">Pela estrada a fora<\/h2>\n\n\n\n<p>A Bienal Internacional do Livro do Rio decidiu dar uma repaginada em sua planta arquitet\u00f4nica no Riocentro, na Barra da Tijuca, zona oeste da capital fluminense, e oferece ao p\u00fablico, logo na entrada, um pavilh\u00e3o inteiramente voltado \u00e0s crian\u00e7as, para facilitar a visita\u00e7\u00e3o das fam\u00edlias e atendendo \u00e0 demanda apresentada na edi\u00e7\u00e3o anterior.<\/p>\n\n\n\n<p>Com o tema \u201cPela estrada a fora\u201d, as crian\u00e7as andar\u00e3o por uma floresta cenogr\u00e1fica e ter\u00e3o a impress\u00e3o de estar entrando dentro de um livro, onde poder\u00e3o percorrer v\u00e1rias tocas ilustradas com desenhos que remetem a contos cl\u00e1ssicos da literatura. Nesse ambiente, montado em \u00e1rea de 500 metros quadrados, os visitantes mirins ouvir\u00e3o sons de animais e sentir\u00e3o a passagem do tempo por meio da grada\u00e7\u00e3o de luz. Passar\u00e3o ainda por uma clareira, onde desenvolver\u00e3o v\u00e1rias atividades, e por uma cabana, que reviver\u00e1 a floresta no ambiente noturno.<\/p>\n\n\n\n<p>Segundo o presidente do Sindicato Nacional dos Editores de Livros (Snel), um dos organizadores da Bienal, Marcos da Veiga Pereira, \u201cessa \u00e9 a nossa ideia de fazer uma viagem por dentro do livro e da leitura. \u00c9 o poder de viajar que o livro transmite, principalmente para as crian\u00e7as. Elas estar\u00e3o entrando na hist\u00f3ria, literalmente\u201d.<\/p>\n\n\n\n<figure class=\"wp-block-image\"><img decoding=\"async\" data-src=\"http:\/\/imagens.ebc.com.br\/3__lA-drLatboBvvkxe0ElOmrng=\/754x0\/smart\/http:\/\/agenciabrasil.ebc.com.br\/sites\/default\/files\/atoms\/image\/910973-ii%20bienal%20livro_0409.jpg?itok=7U4zSgJZ\" alt=\"II  Bienal do Livro e da Leitura de Bras\u00edlia.\" src=\"data:image\/svg+xml;base64,PHN2ZyB3aWR0aD0iMSIgaGVpZ2h0PSIxIiB4bWxucz0iaHR0cDovL3d3dy53My5vcmcvMjAwMC9zdmciPjwvc3ZnPg==\" class=\"lazyload\" \/><\/figure>\n\n\n\n<p>Bienal do Livro &#8211;&nbsp;<strong>Wilson Dias<\/strong><br><\/p>\n\n\n\n<p>\u00c0s 10h15, o Pavilh\u00e3o Laranja abriga a oficina \u201cBrincar sem fronteiras\u201d, promovida pela Funda\u00e7\u00e3o Dorina, que promove a intera\u00e7\u00e3o de crian\u00e7as videntes e com defici\u00eancia visual. No local, os pequenos visitantes s\u00e3o convidados a participar de brincadeiras que ensinam o respeito \u00e0s diferen\u00e7as e a supera\u00e7\u00e3o das desigualdades, por meio de jogos eletr\u00f4nicos e de tabuleiro.<\/p>\n\n\n\n<h2 class=\"wp-block-heading\">Ingressos<\/h2>\n\n\n\n<p>Toda a comunidade do livro, integrada por editores, livreiros, autores, estar\u00e1 presente na abertura oficial da Bienal, que se estender\u00e1 at\u00e9 o dia 8 de setembro. Os ingressos podem ser adquiridos no&nbsp;<em>site<\/em><a href=\"https:\/\/www.bienaldolivro.com.b\/\" target=\"_blank\" rel=\"noreferrer noopener\">www.bienaldolivro.com.br<\/a>. A entrada inteira custa R$ 30 e a meia, R$ 15. A venda pelo&nbsp;<em>site<\/em>&nbsp;permite que o p\u00fablico possa se organizar para ir \u00e0 Bienal no dia que preferir. Com o ingresso na m\u00e3o, o visitante n\u00e3o enfrentar\u00e1 filas.<\/p>\n\n\n\n<p>Outra modifica\u00e7\u00e3o feita pela organiza\u00e7\u00e3o da feira \u00e9 que, este ano, o evento ter\u00e1 duas entradas, pelas avenidas Salvador Allende e Olof de Palme, que contam com esta\u00e7\u00f5es de BRT. Quem for de autom\u00f3vel poder\u00e1 estacionar no local e em vagas extras colocadas \u00e0 disposi\u00e7\u00e3o do p\u00fablico nos fins de semana no Condom\u00ednio Ilha Pura, localizado ao lado do Riocentro.<\/p>\n\n\n\n<p>Para facilitar o tr\u00e2nsito, a Companhia de Engenharia de Tr\u00e1fego do munic\u00edpio do Rio de Janeiro (CET-Rio) montou esquema especial. A recomenda\u00e7\u00e3o \u00e9 que as pessoas deem prefer\u00eancia ao transporte p\u00fablico. Para que n\u00e3o haja problemas, a Secretaria Municipal de Transportes programou aumento de 20% na frota de \u00f4nibus que circula no entorno do Riocentro, nos hor\u00e1rios de pico.<\/p>\n\n\n\n<p>A opera\u00e7\u00e3o montada pela CET-Rio contar\u00e1 com 70 pessoas, entre agentes da Guarda Municipal, controladores da companhia e apoiadores de tr\u00e1fego. Ser\u00e3o utilizados nove ve\u00edculos operacionais e 12 motocicletas. Equipes no Centro de Opera\u00e7\u00f5es Rio (COR) far\u00e3o o monitoramento com c\u00e2meras na \u00e1rea de entorno do evento.<\/p>\n\n\n\n<p>A Companhia Municipal de Limpeza Urbana (Comlurb) far\u00e1 a limpeza da \u00e1rea externa do Riocentro diariamente, incluindo o entorno e as vias de acesso aos pavilh\u00f5es. Ser\u00e3o distribu\u00eddos ainda 15 cont\u00eaineres para os frequentadores fazerem o descarte correto do lixo, que ser\u00e1 removido com o apoio de um caminh\u00e3o compactador.<\/p>\n\n\n\n<h2 class=\"wp-block-heading\">Jap\u00e3o<\/h2>\n\n\n\n<p>Pela primeira vez, nesta edi\u00e7\u00e3o, a Bienal vai homenagear um pa\u00eds oriental. O escolhido foi o Jap\u00e3o, que tem uma tradi\u00e7\u00e3o importante com o livro. \u201c\u00c9 um pa\u00eds que valoriza, que tem um cuidado com a leitura. Voc\u00ea vai ao Jap\u00e3o, anda nos transportes p\u00fablicos e v\u00ea como os japoneses leem. Isso \u00e9 uma coisa muito importante para n\u00f3s\u201d. Pereira observou que apesar de a cultura japonesa ser diferente da nossa, o Jap\u00e3o tem v\u00e1rios autores traduzidos para o idioma portugu\u00eas. E, por meio de desenhos conhecidos como mang\u00e1s, os japoneses influenciam ilustradores em todo o mundo, inclusive no Brasil, como o escritor e cartunista Maur\u00edcio de Souza. \u201cToda a turma da M\u00f4nica jovem tem uma rela\u00e7\u00e3o com o mang\u00e1. Ent\u00e3o, \u00e9 um orgulho para n\u00f3s ter o Jap\u00e3o como pa\u00eds homenageado\u201d, disse o presidente do Snel.<\/p>\n\n\n\n<p>Tamb\u00e9m nesta edi\u00e7\u00e3o da Bienal, as escritoras Ana Maria Machado e Ruth Rocha ser\u00e3o homenageadas pelos 50 anos de carreira na literatura. Marcos da Veiga Pereira informou que, juntas, essas duas autoras t\u00eam mais de 40 milh\u00f5es de livros vendidos, quase 200 livros publicados. \u201cVai ser uma homenagem muito justa e para mim, particularmente, muito querida, porque fui editor das duas no in\u00edcio da minha carreira. Por isso, a homenagem tem gosto especial\u201d.<\/p>\n\n\n\n<h2 class=\"wp-block-heading\">Professores<\/h2>\n\n\n\n<p>Para os professores em especial, a Bienal Rio 2019 vai oferecer, nos dias 2 e 3 de setembro, o F\u00f3rum de Educa\u00e7\u00e3o. \u201cVamos conversar sobre educa\u00e7\u00e3o. Porque a gente acredita que essa \u00e9 a for\u00e7a motriz de transforma\u00e7\u00e3o da sociedade. Quando a gente fala de livro, tem que falar de educa\u00e7\u00e3o e cultura. \u00c9 preciso um investimento muito s\u00e9rio e consistente para pensar em ter efetivamente um pa\u00eds mais justo, onde a gente consiga crescer e dar qualidade de vida \u00e0 popula\u00e7\u00e3o brasileira\u201d, afirmou o presidente do Snel.<\/p>\n\n\n\n<p>Durante o f\u00f3rum, os educadores poder\u00e3o dialogar com v\u00e1rias plataformas e unir saberes e conhecimento para encarar o desafio de educar em um mundo em transforma\u00e7\u00e3o.<\/p>\n\n\n\n<h2 class=\"wp-block-heading\">Conte\u00fado<\/h2>\n\n\n\n<p>O diretor de Marketing e Conte\u00fado da Bienal, Bruno Pereira Henrique, disse que as expectativas s\u00e3o as melhores para essa edi\u00e7\u00e3o do evento em rela\u00e7\u00e3o ao conte\u00fado. \u201cA gente est\u00e1 com um conte\u00fado diverso e abrangente para todos os p\u00fablicos\u201d. Cerca de 300 autores brasileiros e internacionais participar\u00e3o da Bienal.<\/p>\n\n\n\n<p>O Caf\u00e9 Liter\u00e1rio, j\u00e1 conhecido do p\u00fablico, trar\u00e1 discuss\u00f5es sobre temas diversos, que v\u00e3o desde governos, f\u00e9, religi\u00e3o, meio ambiente, at\u00e9 identidade de g\u00eanero, por exemplo. Ser\u00e3o dez dias de programa\u00e7\u00e3o ininterrupta, nos quais os escritores debater\u00e3o com o p\u00fablico v\u00e1rios assuntos, incluindo as&nbsp;<em>fake news<\/em>. O Caf\u00e9 Liter\u00e1rio preparou tamb\u00e9m uma surpresa este ano para os visitantes, que \u00e9 assistir ao encontro e participar da conversa de dois representantes da m\u00fasica brasileira: Martinho da Vila e Elza Soares.<\/p>\n\n\n\n<p>A Arena Jovem, que passa a se chamar Arena Sem Filtro, vem com o dobro de participantes que teve na \u00faltima Bienal. Bruno Henrique destacou que \u00e9 \u201cgente bacana tamb\u00e9m, falando sobre os mais diversos temas\u201d. Marcos da Veiga Pereira ressaltou que o espa\u00e7o traz jovens autores do Brasil e internacionais das mais diversas categorias de publica\u00e7\u00e3o, desde romancistas a poetas, bi\u00f3grafos, ensa\u00edstas que escrevem sobre pol\u00edtica, sobre gastronomia, hist\u00f3ria. \u201cEnfim, \u00e9 uma Bienal para todos os p\u00fablicos\u201d. Na \u00faltima edi\u00e7\u00e3o, realizada em 2017, a procura pelo local dedicado aos debates de interesse dos jovens cresceu 344%, com a capacidade sendo ampliada de 90 para 400 lugares.<\/p>\n\n\n\n<h2 class=\"wp-block-heading\">P\u00fablico<\/h2>\n\n\n\n<p>Em termos de p\u00fablico, a expectativa \u00e9 de sucesso \u201cmais uma vez\u201d, disse o diretor. Considerado o maior evento cultural do pa\u00eds, a Bienal espera receber mais de 600 mil visitantes nos oito dias de funcionamento. \u201cAgora \u00e9 contagem regressiva e temos as melhores expectativas poss\u00edveis para o evento\u201d.<\/p>\n\n\n\n<p>O presidente do Snel, Marcos da Veiga Pereira, estimou que se esses 600 mil visitantes sa\u00edrem da Bienal com tr\u00eas a quatro livros, isso j\u00e1 representar\u00e1 um total de 2 milh\u00f5es de livros vendidos. Na \u00faltima edi\u00e7\u00e3o, a m\u00e9dia foi de 5,5 livros comprados por pessoa.<\/p>\n\n\n\n<p>Cerca de 520 expositores participam da Bienal Rio 2019. Na avalia\u00e7\u00e3o do presidente do Snel, o mais importante para quem vai \u00e0 Bienal \u00e9 a experi\u00eancia. \u201cA venda \u00e9 importante, porque \u00e9 a maneira de os expositores remunerarem seu investimento, mas o fundamental \u00e9 a experi\u00eancia do visitante. O principal \u00e9 ele estar feliz por ter dedicado seu dia ao livro, \u00e0 leitura e a conhecer os autores. Essa \u00e9 a grande magia da Bienal\u201d.<\/p>\n\n\n\n<h2 class=\"wp-block-heading\">Apoio<\/h2>\n\n\n\n<p>A Bienal Internacional do Livro do Rio de Janeiro \u00e9 promovida pelo Snel e GL exhibitions e apresentada pela Microsoft. O investimento no evento atingiu mais de R$ 44 milh\u00f5es. A feira tem apoio da Lei Federal de Incentivo \u00e0 Cultura, por meio da Secretaria Especial da Cultura do Minist\u00e9rio da Cidadania, e da Lei Municipal de Incentivo \u00e0 Cultura da cidade do Rio de Janeiro.<\/p>\n\n\n\n<h2 class=\"wp-block-heading\">Inclus\u00e3o digital<\/h2>\n\n\n\n<p>A Microsoft participa pela primeira vez da Bienal, levando ao p\u00fablico tecnologias que podem ajudar a incluir mais pessoas no universo da leitura, al\u00e9m de facilitar a aprendizagem com recursos que beneficiam alunos e professores. O objetivo da empresa \u00e9 ampliar o acesso \u00e0 leitura para todos os brasileiros.<\/p>\n\n\n\n<p>No Espa\u00e7o de Leitura e Aprendizagem, ocorrer\u00e3o de hora em hora, em parceria com o Instituto Crescer, sess\u00f5es demonstrativas do uso de inova\u00e7\u00f5es tecnol\u00f3gicas no ambiente de sala de aula, como Intelig\u00eancia Artificial, e da aplica\u00e7\u00e3o do recurso na plataforma inclusiva Microsoft Learning Tools, que \u00e9 um conjunto de ferramentas gratuitas que possibilitam o aperfei\u00e7oamento da leitura, escrita e compreens\u00e3o de textos dos alunos, independentemente de idade e habilidades.<\/p>\n\n\n\n<p>Uma dica interessante para as pessoas que visitarem o espa\u00e7o da Microsoft \u00e9 a AcademIA. Essa plataforma apresenta cursos gratuitos de intelig\u00eancia artificial que estimulam a capacita\u00e7\u00e3o na tecnologia para estudantes e profissionais, com o objetivo de prepar\u00e1-los para os empregos do futuro.<\/p>\n\n\n\n<p>5Haver\u00e1 tamb\u00e9m um espa\u00e7o para os programas educacionais gratuitos da companhia, incluindo a Comunidade de Educadores Microsoft, que \u00e9 dedicada a professores e profissionais de educa\u00e7\u00e3o que pretendem adotar tecnologia nos processos de ensino e aprendizagem.<\/p>\n","protected":false},"excerpt":{"rendered":"<p>Mais de 112 mil alunos de escolas p\u00fablicas e particulares j\u00e1 est\u00e3o cadastrados para visitar a 19\u00aa Bienal Internacional do Livro do Rio de Janeiro,&hellip; <\/p>\n","protected":false},"author":1,"featured_media":112666,"comment_status":"closed","ping_status":"closed","sticky":false,"template":"","format":"standard","meta":{"sfsi_plus_gutenberg_text_before_share":"","sfsi_plus_gutenberg_show_text_before_share":"","sfsi_plus_gutenberg_icon_type":"","sfsi_plus_gutenberg_icon_alignemt":"","sfsi_plus_gutenburg_max_per_row":"","footnotes":""},"categories":[2],"tags":[],"class_list":["post-112664","post","type-post","status-publish","format-standard","has-post-thumbnail","hentry","category-geral"],"_links":{"self":[{"href":"https:\/\/www.caririemacao.com\/1\/wp-json\/wp\/v2\/posts\/112664","targetHints":{"allow":["GET"]}}],"collection":[{"href":"https:\/\/www.caririemacao.com\/1\/wp-json\/wp\/v2\/posts"}],"about":[{"href":"https:\/\/www.caririemacao.com\/1\/wp-json\/wp\/v2\/types\/post"}],"author":[{"embeddable":true,"href":"https:\/\/www.caririemacao.com\/1\/wp-json\/wp\/v2\/users\/1"}],"replies":[{"embeddable":true,"href":"https:\/\/www.caririemacao.com\/1\/wp-json\/wp\/v2\/comments?post=112664"}],"version-history":[{"count":1,"href":"https:\/\/www.caririemacao.com\/1\/wp-json\/wp\/v2\/posts\/112664\/revisions"}],"predecessor-version":[{"id":112667,"href":"https:\/\/www.caririemacao.com\/1\/wp-json\/wp\/v2\/posts\/112664\/revisions\/112667"}],"wp:featuredmedia":[{"embeddable":true,"href":"https:\/\/www.caririemacao.com\/1\/wp-json\/wp\/v2\/media\/112666"}],"wp:attachment":[{"href":"https:\/\/www.caririemacao.com\/1\/wp-json\/wp\/v2\/media?parent=112664"}],"wp:term":[{"taxonomy":"category","embeddable":true,"href":"https:\/\/www.caririemacao.com\/1\/wp-json\/wp\/v2\/categories?post=112664"},{"taxonomy":"post_tag","embeddable":true,"href":"https:\/\/www.caririemacao.com\/1\/wp-json\/wp\/v2\/tags?post=112664"}],"curies":[{"name":"wp","href":"https:\/\/api.w.org\/{rel}","templated":true}]}}