{"id":112701,"date":"2019-08-30T08:10:16","date_gmt":"2019-08-30T11:10:16","guid":{"rendered":"http:\/\/www.caririemacao.com\/1\/?p=112701"},"modified":"2019-08-30T08:10:16","modified_gmt":"2019-08-30T11:10:16","slug":"pai-de-menino-atropelado-por-caminhao-em-casa-vai-responder-por-homicidio-culposo","status":"publish","type":"post","link":"https:\/\/www.caririemacao.com\/1\/2019\/08\/30\/pai-de-menino-atropelado-por-caminhao-em-casa-vai-responder-por-homicidio-culposo\/","title":{"rendered":"Pai de menino atropelado por caminh\u00e3o em casa vai responder por homic\u00eddio culposo"},"content":{"rendered":"\n<p>O pai que matou o filho atropelado em Monte Horebe, no Sert\u00e3o da Para\u00edba, vai responder criminalmente por homic\u00eddio culposo, aquele ocorrido sem inten\u00e7\u00e3o de matar. O fato aconteceu na manh\u00e3 desta quinta-feira (29) quando o homem manobrava o caminh\u00e3o estacionado em casa, na sa\u00edda para o trabalho.<\/p>\n\n\n\n<p>O homem estava brincando com o filho, se despediu e saiu para retirar o caminh\u00e3o do terreno da resid\u00eancia e ir trabalhar. A crian\u00e7a, sem o pai perceber, foi at\u00e9 ele e, na hora em que o condutor dava marcha \u00e0 r\u00e9 para sair com o ve\u00edculo, o menino de um ano de idade foi atingido na cabe\u00e7a pelo pneu traseiro.<\/p>\n\n\n\n<p>A Pol\u00edcia Civil n\u00e3o encontrou sinais do atropelamento no caminh\u00e3o e nem na resid\u00eancia, o que fez a delegada Yvina acreditar que o menino morreu da pancada que levou na cabe\u00e7a. As testemunhas ser\u00e3o ouvidas na ter\u00e7a-feira (3).<\/p>\n","protected":false},"excerpt":{"rendered":"<p>O pai que matou o filho atropelado em Monte Horebe, no Sert\u00e3o da Para\u00edba, vai responder criminalmente por homic\u00eddio culposo, aquele ocorrido sem inten\u00e7\u00e3o de&hellip; <\/p>\n","protected":false},"author":1,"featured_media":112703,"comment_status":"closed","ping_status":"closed","sticky":false,"template":"","format":"standard","meta":{"sfsi_plus_gutenberg_text_before_share":"","sfsi_plus_gutenberg_show_text_before_share":"","sfsi_plus_gutenberg_icon_type":"","sfsi_plus_gutenberg_icon_alignemt":"","sfsi_plus_gutenburg_max_per_row":"","footnotes":""},"categories":[2],"tags":[],"class_list":["post-112701","post","type-post","status-publish","format-standard","has-post-thumbnail","hentry","category-geral"],"_links":{"self":[{"href":"https:\/\/www.caririemacao.com\/1\/wp-json\/wp\/v2\/posts\/112701","targetHints":{"allow":["GET"]}}],"collection":[{"href":"https:\/\/www.caririemacao.com\/1\/wp-json\/wp\/v2\/posts"}],"about":[{"href":"https:\/\/www.caririemacao.com\/1\/wp-json\/wp\/v2\/types\/post"}],"author":[{"embeddable":true,"href":"https:\/\/www.caririemacao.com\/1\/wp-json\/wp\/v2\/users\/1"}],"replies":[{"embeddable":true,"href":"https:\/\/www.caririemacao.com\/1\/wp-json\/wp\/v2\/comments?post=112701"}],"version-history":[{"count":1,"href":"https:\/\/www.caririemacao.com\/1\/wp-json\/wp\/v2\/posts\/112701\/revisions"}],"predecessor-version":[{"id":112704,"href":"https:\/\/www.caririemacao.com\/1\/wp-json\/wp\/v2\/posts\/112701\/revisions\/112704"}],"wp:featuredmedia":[{"embeddable":true,"href":"https:\/\/www.caririemacao.com\/1\/wp-json\/wp\/v2\/media\/112703"}],"wp:attachment":[{"href":"https:\/\/www.caririemacao.com\/1\/wp-json\/wp\/v2\/media?parent=112701"}],"wp:term":[{"taxonomy":"category","embeddable":true,"href":"https:\/\/www.caririemacao.com\/1\/wp-json\/wp\/v2\/categories?post=112701"},{"taxonomy":"post_tag","embeddable":true,"href":"https:\/\/www.caririemacao.com\/1\/wp-json\/wp\/v2\/tags?post=112701"}],"curies":[{"name":"wp","href":"https:\/\/api.w.org\/{rel}","templated":true}]}}