{"id":112713,"date":"2019-08-30T08:12:52","date_gmt":"2019-08-30T11:12:52","guid":{"rendered":"http:\/\/www.caririemacao.com\/1\/?p=112713"},"modified":"2019-08-30T08:12:52","modified_gmt":"2019-08-30T11:12:52","slug":"outro-confronto-bolsonaro-afirma-que-governador-mamou-em-governos-do-pt","status":"publish","type":"post","link":"https:\/\/www.caririemacao.com\/1\/2019\/08\/30\/outro-confronto-bolsonaro-afirma-que-governador-mamou-em-governos-do-pt\/","title":{"rendered":"Outro confronto: Bolsonaro afirma que governador \u2018mamou\u2019 em governos do PT"},"content":{"rendered":"\n<p>O presidente Jair Bolsonaro (PSL) alfinetou o governador de S\u00e3o Paulo, Jo\u00e3o Doria (PSDB), em sua \u201clive\u201d desta quinta (29) e disse que o tucano \u201cmamou\u201d em governos do PT.<\/p>\n\n\n\n<p>\u201cJo\u00e3o Doria comprou tamb\u00e9m. Explica isso a\u00ed. S\u00f3 peixe. Amig\u00e3o do Lula, da Dilma. Eu vejo o Doria falando de vez em quando \u2018minha bandeira jamais ser\u00e1 vermelha\u2019. \u00c9 brincadeira! Quando estava mamando l\u00e1 a bandeira era vermelha com um foi\u00e7asso e um martelo sem problema nenhum, n\u00e9? Ihuuuu, t\u00e1 ok?\u201d, disse.<\/p>\n\n\n\n<p>Bolsonaro se referia \u00e0 compra de um avi\u00e3o com empr\u00e9stimo do BNDES por uma empresa de Doria, considerado um prov\u00e1vel advers\u00e1rio do presidente para as elei\u00e7\u00f5es de 2022.<\/p>\n\n\n\n<p>A empresa Doria Administra\u00e7\u00e3o de Bens, do governador paulista, \u00e9 uma das 134 citadas na lista divulgada pelo BDES, com um empr\u00e9stimo de R$ 44 milh\u00f5es. Ao todo, as companhias tomaram R$ 1,9 bilh\u00e3o em juros subsidiados para a compra de jatos executivos.<\/p>\n\n\n\n<p>Bolsonaro tamb\u00e9m criticou Luciano Huck. Por meio da empresa Brisair, empresa da qual \u00e9 s\u00f3cio junto com Ang\u00e9lica Huck, o apresentador pegou R$ 17,7 milh\u00f5es com o BNDES em 2013 por meio do Finame (Financiamento de M\u00e1quinas e Equipamentos).<\/p>\n\n\n\n<p>\u201cJ\u00e1 apareceu aquela galerinha da compra de avi\u00f5es com 3, 3,5% [de juros] ao ano. O que \u00e9 isso, Luciano Huck? Que teta, hein?\u201d, disse o presidente durante a \u201clive\u201d.<\/p>\n\n\n\n<p>N\u00e3o h\u00e1 ind\u00edcios de ilegalidades nos empr\u00e9stimos, o que Bolsonaro reconheceu no v\u00eddeo.<\/p>\n\n\n\n<p>Assim como Doria, Huck \u00e9 visto como poss\u00edvel rival de Bolsonaro nas elei\u00e7\u00f5es presidenciais de 2022.<\/p>\n\n\n\n<p>Por meio de nota, o Pal\u00e1cio dos Bandeirantes descartou qualquer problema com as opera\u00e7\u00f5es da empresa do governador paulista junto ao BNDES.<\/p>\n\n\n\n<p>\u201cA Embraer vendeu mais de 135 jatos executivos e comerciais para empresas brasileiras e estrangeiras com financiamento do BNDES, gerando empregos e impostos para o Brasil. Nada de errado nisto.\u201d<\/p>\n\n\n\n<p>Quando da divulga\u00e7\u00e3o da lista, Doria, em postagem nas redes sociais, classificou como \u201coportunismo\u201d a associa\u00e7\u00e3o de empr\u00e9stimo tomado por sua empresa a \u201calgo errado\u201d.\u201d<\/p>\n\n\n\n<p>J\u00e1 Luciano Huck disse, em texto enviado \u00e0 coluna da M\u00f4nica Bergamo na semana passada, que o empr\u00e9stimo que fez junto ao BNDES para comprar um avi\u00e3o foi \u201ctransparente, pago at\u00e9 o fim, sem atraso\u201d.<\/p>\n\n\n\n<p>Ap\u00f3s apoiar Bolsonaro no segundo turno das elei\u00e7\u00f5es de 2018, Doria tem buscado se descolar do presidente neste ano.<\/p>\n\n\n\n<p>Em meio ao desgaste do ministro da Justi\u00e7a, Sergio Moro, no governo federal, o governador tucano tamb\u00e9m j\u00e1 sinalizou uma aproxima\u00e7\u00e3o com o ex-juiz.<br>Doria tamb\u00e9m j\u00e1 disse que n\u00e3o nomearia parente para cargo p\u00fablico, ao comentar a indica\u00e7\u00e3o de Eduardo Bolsonaro, filho do presidente, para ocupar a embaixada do Brasil em Washington.<\/p>\n","protected":false},"excerpt":{"rendered":"<p>O presidente Jair Bolsonaro (PSL) alfinetou o governador de S\u00e3o Paulo, Jo\u00e3o Doria (PSDB), em sua \u201clive\u201d desta quinta (29) e disse que o tucano&hellip; <\/p>\n","protected":false},"author":1,"featured_media":110614,"comment_status":"closed","ping_status":"closed","sticky":false,"template":"","format":"standard","meta":{"sfsi_plus_gutenberg_text_before_share":"","sfsi_plus_gutenberg_show_text_before_share":"","sfsi_plus_gutenberg_icon_type":"","sfsi_plus_gutenberg_icon_alignemt":"","sfsi_plus_gutenburg_max_per_row":"","footnotes":""},"categories":[50,11],"tags":[],"class_list":["post-112713","post","type-post","status-publish","format-standard","has-post-thumbnail","hentry","category-destaque","category-politica"],"_links":{"self":[{"href":"https:\/\/www.caririemacao.com\/1\/wp-json\/wp\/v2\/posts\/112713","targetHints":{"allow":["GET"]}}],"collection":[{"href":"https:\/\/www.caririemacao.com\/1\/wp-json\/wp\/v2\/posts"}],"about":[{"href":"https:\/\/www.caririemacao.com\/1\/wp-json\/wp\/v2\/types\/post"}],"author":[{"embeddable":true,"href":"https:\/\/www.caririemacao.com\/1\/wp-json\/wp\/v2\/users\/1"}],"replies":[{"embeddable":true,"href":"https:\/\/www.caririemacao.com\/1\/wp-json\/wp\/v2\/comments?post=112713"}],"version-history":[{"count":1,"href":"https:\/\/www.caririemacao.com\/1\/wp-json\/wp\/v2\/posts\/112713\/revisions"}],"predecessor-version":[{"id":112715,"href":"https:\/\/www.caririemacao.com\/1\/wp-json\/wp\/v2\/posts\/112713\/revisions\/112715"}],"wp:featuredmedia":[{"embeddable":true,"href":"https:\/\/www.caririemacao.com\/1\/wp-json\/wp\/v2\/media\/110614"}],"wp:attachment":[{"href":"https:\/\/www.caririemacao.com\/1\/wp-json\/wp\/v2\/media?parent=112713"}],"wp:term":[{"taxonomy":"category","embeddable":true,"href":"https:\/\/www.caririemacao.com\/1\/wp-json\/wp\/v2\/categories?post=112713"},{"taxonomy":"post_tag","embeddable":true,"href":"https:\/\/www.caririemacao.com\/1\/wp-json\/wp\/v2\/tags?post=112713"}],"curies":[{"name":"wp","href":"https:\/\/api.w.org\/{rel}","templated":true}]}}