{"id":112720,"date":"2019-08-30T09:46:01","date_gmt":"2019-08-30T12:46:01","guid":{"rendered":"http:\/\/www.caririemacao.com\/1\/?p=112720"},"modified":"2019-08-30T09:46:01","modified_gmt":"2019-08-30T12:46:01","slug":"governo-publica-lista-de-professores-selecionados-para-o-programa-gira-mundo","status":"publish","type":"post","link":"https:\/\/www.caririemacao.com\/1\/2019\/08\/30\/governo-publica-lista-de-professores-selecionados-para-o-programa-gira-mundo\/","title":{"rendered":"Governo publica lista de professores selecionados para o Programa Gira Mundo"},"content":{"rendered":"\n<p>O Governo do Estado publicou no Di\u00e1rio Oficial desta sexta-feira (30) a lista dos professores selecionados e classificados para o Programa Gira Mundo.\u00a0<\/p>\n\n\n\n<p>Para o Gira Mundo Israel Energias Renov\u00e1veis foram oito selecionados e 13 classificados.&nbsp;<\/p>\n\n\n\n<figure class=\"wp-block-image\"><img decoding=\"async\" data-src=\"https:\/\/www.clickpb.com.br\/media\/filer_public\/ec\/ce\/ecce30cc-171f-4f51-8e2f-9953e55cfd83\/gira_mundo_energias.jpg\" alt=\"\" src=\"data:image\/svg+xml;base64,PHN2ZyB3aWR0aD0iMSIgaGVpZ2h0PSIxIiB4bWxucz0iaHR0cDovL3d3dy53My5vcmcvMjAwMC9zdmciPjwvc3ZnPg==\" class=\"lazyload\" \/><\/figure>\n\n\n\n<p>J\u00e1 para o Gira Mundo Israel Semi\u00e1rido foram 19 selecionados.<br><\/p>\n\n\n\n<figure class=\"wp-block-image\"><img decoding=\"async\" data-src=\"https:\/\/www.clickpb.com.br\/media\/filer_public\/87\/b6\/87b6e30e-a7e3-4050-9a80-672f2052133e\/gira_mundo_semiarido.jpg\" alt=\"\" src=\"data:image\/svg+xml;base64,PHN2ZyB3aWR0aD0iMSIgaGVpZ2h0PSIxIiB4bWxucz0iaHR0cDovL3d3dy53My5vcmcvMjAwMC9zdmciPjwvc3ZnPg==\" class=\"lazyload\" \/><\/figure>\n\n\n\n<p>O Programa Gira Mundo Professores \u00e9 uma a\u00e7\u00e3o do Governo do Estado da Para\u00edba, por meio da Secretaria de Estado da Educa\u00e7\u00e3o e da Ci\u00eancia e Tecnologia (SEECT), desenvolvido com o objetivo de ampliar a qualidade da Educa\u00e7\u00e3o B\u00e1sica no Estado mediante a forma\u00e7\u00e3o de professores e gestores da Rede Estadual de Ensino em institui\u00e7\u00f5es de ensino superior internacionais com excel\u00eancia reconhecida em diferentes \u00e1reas do conhecimento.&nbsp;<\/p>\n\n\n\n<p>De 2016 a 2018 o Programa Gira Mundo Professor promoveu a forma\u00e7\u00e3o internacional de 171 professores, 151 para Finl\u00e2ndia e 20 para Israel.<\/p>\n","protected":false},"excerpt":{"rendered":"<p>O Governo do Estado publicou no Di\u00e1rio Oficial desta sexta-feira (30) a lista dos professores selecionados e classificados para o Programa Gira Mundo.\u00a0 Para o&hellip; <\/p>\n","protected":false},"author":1,"featured_media":112722,"comment_status":"closed","ping_status":"closed","sticky":false,"template":"","format":"standard","meta":{"sfsi_plus_gutenberg_text_before_share":"","sfsi_plus_gutenberg_show_text_before_share":"","sfsi_plus_gutenberg_icon_type":"","sfsi_plus_gutenberg_icon_alignemt":"","sfsi_plus_gutenburg_max_per_row":"","footnotes":""},"categories":[2],"tags":[],"class_list":["post-112720","post","type-post","status-publish","format-standard","has-post-thumbnail","hentry","category-geral"],"_links":{"self":[{"href":"https:\/\/www.caririemacao.com\/1\/wp-json\/wp\/v2\/posts\/112720","targetHints":{"allow":["GET"]}}],"collection":[{"href":"https:\/\/www.caririemacao.com\/1\/wp-json\/wp\/v2\/posts"}],"about":[{"href":"https:\/\/www.caririemacao.com\/1\/wp-json\/wp\/v2\/types\/post"}],"author":[{"embeddable":true,"href":"https:\/\/www.caririemacao.com\/1\/wp-json\/wp\/v2\/users\/1"}],"replies":[{"embeddable":true,"href":"https:\/\/www.caririemacao.com\/1\/wp-json\/wp\/v2\/comments?post=112720"}],"version-history":[{"count":1,"href":"https:\/\/www.caririemacao.com\/1\/wp-json\/wp\/v2\/posts\/112720\/revisions"}],"predecessor-version":[{"id":112723,"href":"https:\/\/www.caririemacao.com\/1\/wp-json\/wp\/v2\/posts\/112720\/revisions\/112723"}],"wp:featuredmedia":[{"embeddable":true,"href":"https:\/\/www.caririemacao.com\/1\/wp-json\/wp\/v2\/media\/112722"}],"wp:attachment":[{"href":"https:\/\/www.caririemacao.com\/1\/wp-json\/wp\/v2\/media?parent=112720"}],"wp:term":[{"taxonomy":"category","embeddable":true,"href":"https:\/\/www.caririemacao.com\/1\/wp-json\/wp\/v2\/categories?post=112720"},{"taxonomy":"post_tag","embeddable":true,"href":"https:\/\/www.caririemacao.com\/1\/wp-json\/wp\/v2\/tags?post=112720"}],"curies":[{"name":"wp","href":"https:\/\/api.w.org\/{rel}","templated":true}]}}