{"id":112733,"date":"2019-08-30T09:52:20","date_gmt":"2019-08-30T12:52:20","guid":{"rendered":"http:\/\/www.caririemacao.com\/1\/?p=112733"},"modified":"2019-08-30T09:52:20","modified_gmt":"2019-08-30T12:52:20","slug":"acusado-alega-ter-matado-companheira-por-divida-de-r-7-mil-mas-policia-nao-descarta-outras-motivacoes","status":"publish","type":"post","link":"https:\/\/www.caririemacao.com\/1\/2019\/08\/30\/acusado-alega-ter-matado-companheira-por-divida-de-r-7-mil-mas-policia-nao-descarta-outras-motivacoes\/","title":{"rendered":"Acusado alega ter matado companheira por d\u00edvida de R$ 7 mil, mas pol\u00edcia n\u00e3o descarta outras motiva\u00e7\u00f5es"},"content":{"rendered":"\n<p>O acusado de ter assassinado Juberl\u00facia Oliveira da Silva, de 30 anos de idade, na cidade de Condado se apresentou \u00e0 pol\u00edcia civil na tarde desta quinta-feira (29) em Patos, no Sert\u00e3o do Estado. Juberl\u00e2ndio Soares de Melo prestou depoimento e, em seguida, recebeu voz de pris\u00e3o.<\/p>\n\n\n\n<p>O delegado de Patos George Wellington, em entrevista ao ClickPB, confirmou que se antecipou \u00e0 apresenta\u00e7\u00e3o do acusado e \u201crepresentou ao juiz de Malta pela pris\u00e3o preventiva dele\u201d. Ele explicou ainda que \u201co Minist\u00e9rio P\u00fablico entendeu que tinha elementos suficientes para pris\u00e3o preventiva\u201d.<\/p>\n\n\n\n<p>O juiz aceitou o pedido de pris\u00e3o preventiva, que foi cumprido logo ap\u00f3s a qualifica\u00e7\u00e3o e interrogat\u00f3rio do acusado. Ele foi levado logo em seguida at\u00e9 a carceragem da Central de Pol\u00edcia Civil em Patos para aguardar audi\u00eancia de cust\u00f3dia.<\/p>\n\n\n\n<p>De acordo com o depoimento de Juberl\u00e2ndio, ele estava trabalhando em S\u00e3o Paulo e enviou dinheiro \u00e0 companheira para que ela fizesse investimentos imobili\u00e1rios. Ele declarou que enviou o valor de R$ 7 mil \u00e0 Juberl\u00facia para que ela efetuasse a compra de uma casa.<\/p>\n\n\n\n<p>No entanto, Juberl\u00e2ndio alega que a companheira n\u00e3o efetuou a compra da casa e acabou gastando todo o dinheiro. Al\u00e9m disso, ela teria negado a devolu\u00e7\u00e3o do valor. Com raiva, o homem teria voltado at\u00e9 a cidade de Condado para matar Juberl\u00facia.<\/p>\n\n\n\n<p>Apesar de esta ter sido a vers\u00e3o dada pelo acusado, a pol\u00edcia n\u00e3o descarta outras linhas de investiga\u00e7\u00e3o e outras motiva\u00e7\u00f5es para o crime.<\/p>\n\n\n\n<p>Juberl\u00facia foi assassinada ap\u00f3s ter sido esfaqueada pelo menos dez vezes. A filha dela, de 13 anos de idade, tamb\u00e9m foi esfaqueada. A jovem foi socorrida e levada para o Hospital Infantil Noaldo Leite, em Patos, onde passou por cirurgia.<\/p>\n","protected":false},"excerpt":{"rendered":"<p>O acusado de ter assassinado Juberl\u00facia Oliveira da Silva, de 30 anos de idade, na cidade de Condado se apresentou \u00e0 pol\u00edcia civil na tarde&hellip; <\/p>\n","protected":false},"author":1,"featured_media":112738,"comment_status":"closed","ping_status":"closed","sticky":false,"template":"","format":"standard","meta":{"sfsi_plus_gutenberg_text_before_share":"","sfsi_plus_gutenberg_show_text_before_share":"","sfsi_plus_gutenberg_icon_type":"","sfsi_plus_gutenberg_icon_alignemt":"","sfsi_plus_gutenburg_max_per_row":"","footnotes":""},"categories":[12],"tags":[],"class_list":["post-112733","post","type-post","status-publish","format-standard","has-post-thumbnail","hentry","category-policia"],"_links":{"self":[{"href":"https:\/\/www.caririemacao.com\/1\/wp-json\/wp\/v2\/posts\/112733","targetHints":{"allow":["GET"]}}],"collection":[{"href":"https:\/\/www.caririemacao.com\/1\/wp-json\/wp\/v2\/posts"}],"about":[{"href":"https:\/\/www.caririemacao.com\/1\/wp-json\/wp\/v2\/types\/post"}],"author":[{"embeddable":true,"href":"https:\/\/www.caririemacao.com\/1\/wp-json\/wp\/v2\/users\/1"}],"replies":[{"embeddable":true,"href":"https:\/\/www.caririemacao.com\/1\/wp-json\/wp\/v2\/comments?post=112733"}],"version-history":[{"count":1,"href":"https:\/\/www.caririemacao.com\/1\/wp-json\/wp\/v2\/posts\/112733\/revisions"}],"predecessor-version":[{"id":112739,"href":"https:\/\/www.caririemacao.com\/1\/wp-json\/wp\/v2\/posts\/112733\/revisions\/112739"}],"wp:featuredmedia":[{"embeddable":true,"href":"https:\/\/www.caririemacao.com\/1\/wp-json\/wp\/v2\/media\/112738"}],"wp:attachment":[{"href":"https:\/\/www.caririemacao.com\/1\/wp-json\/wp\/v2\/media?parent=112733"}],"wp:term":[{"taxonomy":"category","embeddable":true,"href":"https:\/\/www.caririemacao.com\/1\/wp-json\/wp\/v2\/categories?post=112733"},{"taxonomy":"post_tag","embeddable":true,"href":"https:\/\/www.caririemacao.com\/1\/wp-json\/wp\/v2\/tags?post=112733"}],"curies":[{"name":"wp","href":"https:\/\/api.w.org\/{rel}","templated":true}]}}