{"id":112748,"date":"2019-08-30T09:55:40","date_gmt":"2019-08-30T12:55:40","guid":{"rendered":"http:\/\/www.caririemacao.com\/1\/?p=112748"},"modified":"2019-08-30T09:55:40","modified_gmt":"2019-08-30T12:55:40","slug":"taxa-de-desemprego-no-brasil-cai-para-118-em-julho-diz-ibge","status":"publish","type":"post","link":"https:\/\/www.caririemacao.com\/1\/2019\/08\/30\/taxa-de-desemprego-no-brasil-cai-para-118-em-julho-diz-ibge\/","title":{"rendered":"Taxa de desemprego no Brasil cai para 11,8% em julho, diz IBGE"},"content":{"rendered":"\n<p>A taxa de desemprego do pa\u00eds recuou para 11,8% no trimestre finalizado em julho deste ano. Segundo dados da Pesquisa Nacional por Amostra de Domic\u00edlios (Pnad), divulgada hoje (30), no Rio de Janeiro, pelo Instituto Brasileiro de Geografia e Estat\u00edstica (IBGE), a taxa \u00e9 inferior aos 12,5% do trimestre encerrado em abril deste ano e aos 12,3% de julho de 2018.<br>&nbsp;<br>A popula\u00e7\u00e3o desocupada ficou em 12,6 milh\u00f5es de pessoas no trimestre finalizado em julho, 4,6% abaixo do trimestre encerrado em abril (menos 609 mil pessoas), mas estatisticamente est\u00e1vel em rela\u00e7\u00e3o a igual per\u00edodo de 2018.<\/p>\n\n\n\n<p>J\u00e1 a popula\u00e7\u00e3o ocupada ficou em 93,6 milh\u00f5es de pessoas e chegou ao maior n\u00famero da s\u00e9rie hist\u00f3rica, iniciada em 2012.<\/p>\n\n\n\n<p>O contingente \u00e9 1,3% maior (mais 1,22 milh\u00e3o de pessoas) do que em rela\u00e7\u00e3o ao trimestre encerrado em abril e 2,4% superior (mais 2,22 milh\u00f5es de pessoas) do que o trimestre finalizado em julho do ano passado.<\/p>\n","protected":false},"excerpt":{"rendered":"<p>A taxa de desemprego do pa\u00eds recuou para 11,8% no trimestre finalizado em julho deste ano. Segundo dados da Pesquisa Nacional por Amostra de Domic\u00edlios&hellip; <\/p>\n","protected":false},"author":1,"featured_media":90465,"comment_status":"closed","ping_status":"closed","sticky":false,"template":"","format":"standard","meta":{"sfsi_plus_gutenberg_text_before_share":"","sfsi_plus_gutenberg_show_text_before_share":"","sfsi_plus_gutenberg_icon_type":"","sfsi_plus_gutenberg_icon_alignemt":"","sfsi_plus_gutenburg_max_per_row":"","footnotes":""},"categories":[2],"tags":[],"class_list":["post-112748","post","type-post","status-publish","format-standard","has-post-thumbnail","hentry","category-geral"],"_links":{"self":[{"href":"https:\/\/www.caririemacao.com\/1\/wp-json\/wp\/v2\/posts\/112748","targetHints":{"allow":["GET"]}}],"collection":[{"href":"https:\/\/www.caririemacao.com\/1\/wp-json\/wp\/v2\/posts"}],"about":[{"href":"https:\/\/www.caririemacao.com\/1\/wp-json\/wp\/v2\/types\/post"}],"author":[{"embeddable":true,"href":"https:\/\/www.caririemacao.com\/1\/wp-json\/wp\/v2\/users\/1"}],"replies":[{"embeddable":true,"href":"https:\/\/www.caririemacao.com\/1\/wp-json\/wp\/v2\/comments?post=112748"}],"version-history":[{"count":1,"href":"https:\/\/www.caririemacao.com\/1\/wp-json\/wp\/v2\/posts\/112748\/revisions"}],"predecessor-version":[{"id":112750,"href":"https:\/\/www.caririemacao.com\/1\/wp-json\/wp\/v2\/posts\/112748\/revisions\/112750"}],"wp:featuredmedia":[{"embeddable":true,"href":"https:\/\/www.caririemacao.com\/1\/wp-json\/wp\/v2\/media\/90465"}],"wp:attachment":[{"href":"https:\/\/www.caririemacao.com\/1\/wp-json\/wp\/v2\/media?parent=112748"}],"wp:term":[{"taxonomy":"category","embeddable":true,"href":"https:\/\/www.caririemacao.com\/1\/wp-json\/wp\/v2\/categories?post=112748"},{"taxonomy":"post_tag","embeddable":true,"href":"https:\/\/www.caririemacao.com\/1\/wp-json\/wp\/v2\/tags?post=112748"}],"curies":[{"name":"wp","href":"https:\/\/api.w.org\/{rel}","templated":true}]}}