{"id":112784,"date":"2019-08-30T10:04:54","date_gmt":"2019-08-30T13:04:54","guid":{"rendered":"http:\/\/www.caririemacao.com\/1\/?p=112784"},"modified":"2019-08-30T10:04:54","modified_gmt":"2019-08-30T13:04:54","slug":"prefeitura-lanca-edital-de-licitacao-para-uso-de-espacos-comerciais-do-shopping-sume","status":"publish","type":"post","link":"https:\/\/www.caririemacao.com\/1\/2019\/08\/30\/prefeitura-lanca-edital-de-licitacao-para-uso-de-espacos-comerciais-do-shopping-sume\/","title":{"rendered":"Prefeitura lan\u00e7a edital de licita\u00e7\u00e3o para uso de espa\u00e7os comerciais do Shopping Sum\u00e9"},"content":{"rendered":"\n<p> A Prefeitura de Sum\u00e9 promove nessa sexta-feira (30), o evento de lan\u00e7amento do edital de licita\u00e7\u00e3o para uso de espa\u00e7os comerciais do Shopping Sum\u00e9. Os interessados em participar do processo licitat\u00f3rio dever\u00e3o comparecer ao Shopping, localizado na Avenida Primeiro de Abril, centro, a partir das 10h, desta sexta-feira.<br>O evento servir\u00e1 tamb\u00e9m de intera\u00e7\u00e3o com o setor empresarial da regi\u00e3o, que se proponha a selecionar propostas de neg\u00f3cio para ocupar os espa\u00e7os do shopping.<br>Na ocasi\u00e3o, os participantes ficar\u00e3o a par de todo processo e ter\u00e3o acesso \u00e0 infraestrutura do empreendimento.<\/p>\n","protected":false},"excerpt":{"rendered":"<p>A Prefeitura de Sum\u00e9 promove nessa sexta-feira (30), o evento de lan\u00e7amento do edital de licita\u00e7\u00e3o para uso de espa\u00e7os comerciais do Shopping Sum\u00e9. Os&hellip; <\/p>\n","protected":false},"author":1,"featured_media":112786,"comment_status":"closed","ping_status":"closed","sticky":false,"template":"","format":"standard","meta":{"sfsi_plus_gutenberg_text_before_share":"","sfsi_plus_gutenberg_show_text_before_share":"","sfsi_plus_gutenberg_icon_type":"","sfsi_plus_gutenberg_icon_alignemt":"","sfsi_plus_gutenburg_max_per_row":"","footnotes":""},"categories":[50,2],"tags":[],"class_list":["post-112784","post","type-post","status-publish","format-standard","has-post-thumbnail","hentry","category-destaque","category-geral"],"_links":{"self":[{"href":"https:\/\/www.caririemacao.com\/1\/wp-json\/wp\/v2\/posts\/112784","targetHints":{"allow":["GET"]}}],"collection":[{"href":"https:\/\/www.caririemacao.com\/1\/wp-json\/wp\/v2\/posts"}],"about":[{"href":"https:\/\/www.caririemacao.com\/1\/wp-json\/wp\/v2\/types\/post"}],"author":[{"embeddable":true,"href":"https:\/\/www.caririemacao.com\/1\/wp-json\/wp\/v2\/users\/1"}],"replies":[{"embeddable":true,"href":"https:\/\/www.caririemacao.com\/1\/wp-json\/wp\/v2\/comments?post=112784"}],"version-history":[{"count":1,"href":"https:\/\/www.caririemacao.com\/1\/wp-json\/wp\/v2\/posts\/112784\/revisions"}],"predecessor-version":[{"id":112787,"href":"https:\/\/www.caririemacao.com\/1\/wp-json\/wp\/v2\/posts\/112784\/revisions\/112787"}],"wp:featuredmedia":[{"embeddable":true,"href":"https:\/\/www.caririemacao.com\/1\/wp-json\/wp\/v2\/media\/112786"}],"wp:attachment":[{"href":"https:\/\/www.caririemacao.com\/1\/wp-json\/wp\/v2\/media?parent=112784"}],"wp:term":[{"taxonomy":"category","embeddable":true,"href":"https:\/\/www.caririemacao.com\/1\/wp-json\/wp\/v2\/categories?post=112784"},{"taxonomy":"post_tag","embeddable":true,"href":"https:\/\/www.caririemacao.com\/1\/wp-json\/wp\/v2\/tags?post=112784"}],"curies":[{"name":"wp","href":"https:\/\/api.w.org\/{rel}","templated":true}]}}