{"id":112792,"date":"2019-08-30T10:07:09","date_gmt":"2019-08-30T13:07:09","guid":{"rendered":"http:\/\/www.caririemacao.com\/1\/?p=112792"},"modified":"2019-08-30T10:07:09","modified_gmt":"2019-08-30T13:07:09","slug":"ibge-realiza-em-sume-a-primeira-reuniao-de-planejamento-para-o-censo-2020","status":"publish","type":"post","link":"https:\/\/www.caririemacao.com\/1\/2019\/08\/30\/ibge-realiza-em-sume-a-primeira-reuniao-de-planejamento-para-o-censo-2020\/","title":{"rendered":"IBGE realiza em Sum\u00e9 a primeira reuni\u00e3o de planejamento para o Censo 2020"},"content":{"rendered":"\n<p>O Instituto Brasileiro de Geografia e Estat\u00edstica (IBGE) realizou em Sum\u00e9 a primeira reuni\u00e3o de planejamento e acompanhamento do Censo 2020, que ser\u00e1 realizado em todo o pa\u00eds entre os meses de agosto e outubro do pr\u00f3ximo ano.<br>A reuni\u00e3o foi para acordar com as institui\u00e7\u00f5es participantes o engajamento de cada uma delas para que o Censo possa alcan\u00e7ar seus objetivos. Com a contribui\u00e7\u00e3o da sociedade, o IBGE espera alcan\u00e7ar um retrato fiel da popula\u00e7\u00e3o, como a quantidade de habitantes e sobre o que a popula\u00e7\u00e3o est\u00e1 fazendo.<br>Para o lan\u00e7amento da contagem populacional, o prefeito \u00c9den Duarte e o vice-prefeito, Dr\u00f3 receberam o supervisor da Base Territorial do IBGE, Fernando Jos\u00e9 C\u00e2mara, o coordenador operacional do Censo, Francisco Eug\u00eanio do Nascimento e o coordenador de reuni\u00f5es do IBGE, Lamartine Candeia.<br>Participaram da reuni\u00e3o os vereadores Bomba, Z\u00e9 Ant\u00f4nio e Ant\u00f4nio Carlos e ainda representantes da Igreja Cat\u00f3lica, Empresa Paraibana de Pesquisa, Extens\u00e3o Rural e Regulariza\u00e7\u00e3o Fundi\u00e1ria (Empaer), Pol\u00edcia Militar e associa\u00e7\u00f5es rurais.<br>O censo 2020 acontecer\u00e1 de 1 de agosto a 30 de outubro de 2020 e existe a expectativa de processo seletivo para contrata\u00e7\u00e3o de 21 pessoas para Sum\u00e9.<\/p>\n","protected":false},"excerpt":{"rendered":"<p>O Instituto Brasileiro de Geografia e Estat\u00edstica (IBGE) realizou em Sum\u00e9 a primeira reuni\u00e3o de planejamento e acompanhamento do Censo 2020, que ser\u00e1 realizado em&hellip; <\/p>\n","protected":false},"author":1,"featured_media":66548,"comment_status":"closed","ping_status":"closed","sticky":false,"template":"","format":"standard","meta":{"sfsi_plus_gutenberg_text_before_share":"","sfsi_plus_gutenberg_show_text_before_share":"","sfsi_plus_gutenberg_icon_type":"","sfsi_plus_gutenberg_icon_alignemt":"","sfsi_plus_gutenburg_max_per_row":"","footnotes":""},"categories":[50,2],"tags":[],"class_list":["post-112792","post","type-post","status-publish","format-standard","has-post-thumbnail","hentry","category-destaque","category-geral"],"_links":{"self":[{"href":"https:\/\/www.caririemacao.com\/1\/wp-json\/wp\/v2\/posts\/112792","targetHints":{"allow":["GET"]}}],"collection":[{"href":"https:\/\/www.caririemacao.com\/1\/wp-json\/wp\/v2\/posts"}],"about":[{"href":"https:\/\/www.caririemacao.com\/1\/wp-json\/wp\/v2\/types\/post"}],"author":[{"embeddable":true,"href":"https:\/\/www.caririemacao.com\/1\/wp-json\/wp\/v2\/users\/1"}],"replies":[{"embeddable":true,"href":"https:\/\/www.caririemacao.com\/1\/wp-json\/wp\/v2\/comments?post=112792"}],"version-history":[{"count":1,"href":"https:\/\/www.caririemacao.com\/1\/wp-json\/wp\/v2\/posts\/112792\/revisions"}],"predecessor-version":[{"id":112794,"href":"https:\/\/www.caririemacao.com\/1\/wp-json\/wp\/v2\/posts\/112792\/revisions\/112794"}],"wp:featuredmedia":[{"embeddable":true,"href":"https:\/\/www.caririemacao.com\/1\/wp-json\/wp\/v2\/media\/66548"}],"wp:attachment":[{"href":"https:\/\/www.caririemacao.com\/1\/wp-json\/wp\/v2\/media?parent=112792"}],"wp:term":[{"taxonomy":"category","embeddable":true,"href":"https:\/\/www.caririemacao.com\/1\/wp-json\/wp\/v2\/categories?post=112792"},{"taxonomy":"post_tag","embeddable":true,"href":"https:\/\/www.caririemacao.com\/1\/wp-json\/wp\/v2\/tags?post=112792"}],"curies":[{"name":"wp","href":"https:\/\/api.w.org\/{rel}","templated":true}]}}