{"id":112815,"date":"2019-08-30T11:14:03","date_gmt":"2019-08-30T14:14:03","guid":{"rendered":"http:\/\/www.caririemacao.com\/1\/?p=112815"},"modified":"2019-08-30T11:14:03","modified_gmt":"2019-08-30T14:14:03","slug":"prefeitura-e-procase-inauguram-unidade-de-beneficiamento-de-mel-que-promete-dinamizar-apicultura-em-sao-jose-dos-cordeiros","status":"publish","type":"post","link":"https:\/\/www.caririemacao.com\/1\/2019\/08\/30\/prefeitura-e-procase-inauguram-unidade-de-beneficiamento-de-mel-que-promete-dinamizar-apicultura-em-sao-jose-dos-cordeiros\/","title":{"rendered":"Prefeitura e Procase inauguram Unidade de Beneficiamento de Mel, que promete dinamizar apicultura em S\u00e3o Jos\u00e9 dos Cordeiros"},"content":{"rendered":"\n<p> S\u00e3o Jos\u00e9 dos Cordeiros est\u00e1 pronta para sediar mais uma grande edi\u00e7\u00e3o do Festival do Mel. Nesta quinta-feira (29) pela manh\u00e3, antes mesmo da abertura oficial da festa, a Prefeitura de S\u00e3o Jos\u00e9 dos Cordeiros e o Procase estiveram juntos no s\u00edtio Pedra Lavrada para entregar um importante equipamento para os apicultores da regi\u00e3o.<\/p>\n\n\n\n<div class=\"wp-block-image\"><figure class=\"alignleft\"><img decoding=\"async\" data-src=\"http:\/\/deolhonocariri.com.br\/wp-content\/uploads\/2019\/08\/unidade_mel.jpg\" alt=\"\" class=\"wp-image-71052 lazyload\" src=\"data:image\/svg+xml;base64,PHN2ZyB3aWR0aD0iMSIgaGVpZ2h0PSIxIiB4bWxucz0iaHR0cDovL3d3dy53My5vcmcvMjAwMC9zdmciPjwvc3ZnPg==\" \/><\/figure><\/div>\n\n\n\n<p>Trata-se de uma Unidade de Beneficiamento de Mel, constru\u00edda a partir da parceria entre munic\u00edpio e Governo do Estado e que possibilitar\u00e1 o melhoramento da extra\u00e7\u00e3o do mel por apicultores tanto de S\u00e3o Jos\u00e9 dos Cordeiros, como de cidades vizinhas. A unidade recebeu um investimento de R$ 160 mil e em apenas tr\u00eas meses de funcionamento j\u00e1 produziu uma tonelada de mel, s\u00f3 de apicultores cordeirenses.<\/p>\n\n\n\n<div class=\"wp-block-image\"><figure class=\"alignright\"><img decoding=\"async\" data-src=\"http:\/\/deolhonocariri.com.br\/wp-content\/uploads\/2019\/08\/unidade_mel_5.jpg\" alt=\"\" class=\"wp-image-71048 lazyload\" src=\"data:image\/svg+xml;base64,PHN2ZyB3aWR0aD0iMSIgaGVpZ2h0PSIxIiB4bWxucz0iaHR0cDovL3d3dy53My5vcmcvMjAwMC9zdmciPjwvc3ZnPg==\" \/><\/figure><\/div>\n\n\n\n<p>A Unidade de Beneficiamento de Mel foi conquistada ainda na gest\u00e3o do ex-prefeito Fernando Queiroz junto ao ex-governador Ricardo Coutinho. O atual coordenador do Procase, Aristeu Chaves, teve papel fundamental no desentrave da obra e a partir de muito esfor\u00e7o da Associa\u00e7\u00e3o local e Prefeitura de S\u00e3o Jos\u00e9 dos Cordeiros, o pr\u00e9dio foi conclu\u00eddo e os equipamentos instalados, sendo poss\u00edvel sua inaugura\u00e7\u00e3o.<\/p>\n\n\n\n<p>Para o prefeito Jefferson Roberto: \u201cEsta \u00e9 uma obra muito importante para os apicultores e desde que era secret\u00e1rio desejava ver esse equipamento pronto e servindo ao aprimoramento e amplia\u00e7\u00e3o da produ\u00e7\u00e3o de mel no munic\u00edpio. Agora poderemos produzir com mais qualidade e dessa forma teremos facilidade em comercializar nosso produto\u201d, comemorou o gestor.<\/p>\n\n\n\n<p>O evento contou com a presen\u00e7a do coordenador estadual do Procase, Aristeu Chaves, que representou o governador Jo\u00e3o Azevedo, o prefeito Jefferson Roberto, a vice-prefeita Lourdes Dantas, o ex-prefeito Fernando Queiroz, o vereador Paulo do Sindicato, apicultores, bolsistas e t\u00e9cnicos do Procase e a comunidade em geral.<\/p>\n\n\n\n<p><strong>Veja mais algumas fotos:<\/strong><\/p>\n\n\n\n<div class=\"wp-block-image\"><figure class=\"aligncenter\"><img decoding=\"async\" data-src=\"http:\/\/deolhonocariri.com.br\/wp-content\/uploads\/2019\/08\/unidade_mel_3.jpg\" alt=\"\" class=\"wp-image-71050 lazyload\" src=\"data:image\/svg+xml;base64,PHN2ZyB3aWR0aD0iMSIgaGVpZ2h0PSIxIiB4bWxucz0iaHR0cDovL3d3dy53My5vcmcvMjAwMC9zdmciPjwvc3ZnPg==\" \/><\/figure><\/div>\n\n\n\n<div class=\"wp-block-image\"><figure class=\"aligncenter\"><img decoding=\"async\" data-src=\"http:\/\/deolhonocariri.com.br\/wp-content\/uploads\/2019\/08\/unidade_mel_6.jpg\" alt=\"\" class=\"wp-image-71053 lazyload\" src=\"data:image\/svg+xml;base64,PHN2ZyB3aWR0aD0iMSIgaGVpZ2h0PSIxIiB4bWxucz0iaHR0cDovL3d3dy53My5vcmcvMjAwMC9zdmciPjwvc3ZnPg==\" \/><\/figure><\/div>\n\n\n\n<div class=\"wp-block-image\"><figure class=\"aligncenter\"><img decoding=\"async\" data-src=\"http:\/\/deolhonocariri.com.br\/wp-content\/uploads\/2019\/08\/unidade_mel_4.jpg\" alt=\"\" class=\"wp-image-71049 lazyload\" src=\"data:image\/svg+xml;base64,PHN2ZyB3aWR0aD0iMSIgaGVpZ2h0PSIxIiB4bWxucz0iaHR0cDovL3d3dy53My5vcmcvMjAwMC9zdmciPjwvc3ZnPg==\" \/><\/figure><\/div>\n","protected":false},"excerpt":{"rendered":"<p>S\u00e3o Jos\u00e9 dos Cordeiros est\u00e1 pronta para sediar mais uma grande edi\u00e7\u00e3o do Festival do Mel. Nesta quinta-feira (29) pela manh\u00e3, antes mesmo da abertura&hellip; <\/p>\n","protected":false},"author":1,"featured_media":112817,"comment_status":"closed","ping_status":"closed","sticky":false,"template":"","format":"standard","meta":{"sfsi_plus_gutenberg_text_before_share":"","sfsi_plus_gutenberg_show_text_before_share":"","sfsi_plus_gutenberg_icon_type":"","sfsi_plus_gutenberg_icon_alignemt":"","sfsi_plus_gutenburg_max_per_row":"","footnotes":""},"categories":[2],"tags":[],"class_list":["post-112815","post","type-post","status-publish","format-standard","has-post-thumbnail","hentry","category-geral"],"_links":{"self":[{"href":"https:\/\/www.caririemacao.com\/1\/wp-json\/wp\/v2\/posts\/112815","targetHints":{"allow":["GET"]}}],"collection":[{"href":"https:\/\/www.caririemacao.com\/1\/wp-json\/wp\/v2\/posts"}],"about":[{"href":"https:\/\/www.caririemacao.com\/1\/wp-json\/wp\/v2\/types\/post"}],"author":[{"embeddable":true,"href":"https:\/\/www.caririemacao.com\/1\/wp-json\/wp\/v2\/users\/1"}],"replies":[{"embeddable":true,"href":"https:\/\/www.caririemacao.com\/1\/wp-json\/wp\/v2\/comments?post=112815"}],"version-history":[{"count":1,"href":"https:\/\/www.caririemacao.com\/1\/wp-json\/wp\/v2\/posts\/112815\/revisions"}],"predecessor-version":[{"id":112818,"href":"https:\/\/www.caririemacao.com\/1\/wp-json\/wp\/v2\/posts\/112815\/revisions\/112818"}],"wp:featuredmedia":[{"embeddable":true,"href":"https:\/\/www.caririemacao.com\/1\/wp-json\/wp\/v2\/media\/112817"}],"wp:attachment":[{"href":"https:\/\/www.caririemacao.com\/1\/wp-json\/wp\/v2\/media?parent=112815"}],"wp:term":[{"taxonomy":"category","embeddable":true,"href":"https:\/\/www.caririemacao.com\/1\/wp-json\/wp\/v2\/categories?post=112815"},{"taxonomy":"post_tag","embeddable":true,"href":"https:\/\/www.caririemacao.com\/1\/wp-json\/wp\/v2\/tags?post=112815"}],"curies":[{"name":"wp","href":"https:\/\/api.w.org\/{rel}","templated":true}]}}