{"id":112831,"date":"2019-08-30T12:32:41","date_gmt":"2019-08-30T15:32:41","guid":{"rendered":"http:\/\/www.caririemacao.com\/1\/?p=112831"},"modified":"2019-08-30T12:32:41","modified_gmt":"2019-08-30T15:32:41","slug":"governo-municipal-de-camalau-confirma-pagamento-dos-servidores-municipais","status":"publish","type":"post","link":"https:\/\/www.caririemacao.com\/1\/2019\/08\/30\/governo-municipal-de-camalau-confirma-pagamento-dos-servidores-municipais\/","title":{"rendered":"Governo municipal de Camala\u00fa confirma pagamento dos servidores municipais"},"content":{"rendered":"\n<p><\/p>\n\n\n\n<figure class=\"wp-block-image\"><img decoding=\"async\" data-src=\"https:\/\/scontent.fcpv1-1.fna.fbcdn.net\/v\/t1.0-9\/65912570_665663060573129_7332578320480993280_n.jpg?_nc_cat=111&amp;_nc_eui2=AeFGPodpx1PuTuskrwsWyOJJLzkMOB9RlATx2IEYg4wyxq_zM6ml_sg90MB_OWIC-r_3wxqw6FFdmgRdFNTqCLDXMrVMrCnSOOqc3zxU6UaqfA&amp;_nc_oc=AQl0imZb8ro3ZRBAZr7PfCHPFGpANsnDIiqeZRY2dFdflWto4tpBHFzHmoANs8KqWrM&amp;_nc_ht=scontent.fcpv1-1.fna&amp;oh=3a5dc0ecbe2e1a95c48e96965a45d270&amp;oe=5DE29D61\" alt=\"65912570_665663060573129_7332578320480993280_n.jpg?_nc_cat=111&amp;_nc_eui2=AeFGPodpx1PuTuskrwsWyOJJLzkMOB9RlATx2IEYg4wyxq_zM6ml_sg90MB_OWIC-r_3wxqw6FFdmgRdFNTqCLDXMrVMrCnSOOqc3zxU6UaqfA&amp;_nc_oc=AQl0imZb8ro3ZRBAZr7PfCHPFGpANsnDIiqeZRY2dFdflWto4tpBHFzHmoANs8KqWrM&amp;_nc_ht=scontent.fcpv1-1\" src=\"data:image\/svg+xml;base64,PHN2ZyB3aWR0aD0iMSIgaGVpZ2h0PSIxIiB4bWxucz0iaHR0cDovL3d3dy53My5vcmcvMjAwMC9zdmciPjwvc3ZnPg==\" class=\"lazyload\" \/><\/figure>\n\n\n\n<p>O Governo Municipal de Camala\u00fa est\u00e1 efetuando o pagamento da folha salarial do m\u00eas de Agosto aos servidores p\u00fablicos.<br>A informa\u00e7\u00e3o foi confirmada pelo prefeito Sandro M\u00f4co que tem priorizado o respeito pelos servidores.<br>Desta forma, a gest\u00e3o camalauense no mandato de Sandro M\u00f4co e Kiel mant\u00e9m o compromisso com o funcionalismo de manter rigorosamente em dia o pagamento e sempre dentro do m\u00eas trabalhado.<br>Al\u00e9m da folha, gra\u00e7as a responsabilidade da gest\u00e3o, tamb\u00e9m est\u00e3o sendo pagos os ter\u00e7os de f\u00e9rias de alguns funcion\u00e1rios de acordo com o m\u00eas de seus anivers\u00e1rios.<br><strong>F\u00c1BIO BRITO<\/strong><\/p>\n","protected":false},"excerpt":{"rendered":"<p>O Governo Municipal de Camala\u00fa est\u00e1 efetuando o pagamento da folha salarial do m\u00eas de Agosto aos servidores p\u00fablicos.A informa\u00e7\u00e3o foi confirmada pelo prefeito Sandro&hellip; <\/p>\n","protected":false},"author":1,"featured_media":29623,"comment_status":"closed","ping_status":"closed","sticky":false,"template":"","format":"standard","meta":{"sfsi_plus_gutenberg_text_before_share":"","sfsi_plus_gutenberg_show_text_before_share":"","sfsi_plus_gutenberg_icon_type":"","sfsi_plus_gutenberg_icon_alignemt":"","sfsi_plus_gutenburg_max_per_row":"","footnotes":""},"categories":[6,50],"tags":[],"class_list":["post-112831","post","type-post","status-publish","format-standard","has-post-thumbnail","hentry","category-cidades","category-destaque"],"_links":{"self":[{"href":"https:\/\/www.caririemacao.com\/1\/wp-json\/wp\/v2\/posts\/112831","targetHints":{"allow":["GET"]}}],"collection":[{"href":"https:\/\/www.caririemacao.com\/1\/wp-json\/wp\/v2\/posts"}],"about":[{"href":"https:\/\/www.caririemacao.com\/1\/wp-json\/wp\/v2\/types\/post"}],"author":[{"embeddable":true,"href":"https:\/\/www.caririemacao.com\/1\/wp-json\/wp\/v2\/users\/1"}],"replies":[{"embeddable":true,"href":"https:\/\/www.caririemacao.com\/1\/wp-json\/wp\/v2\/comments?post=112831"}],"version-history":[{"count":1,"href":"https:\/\/www.caririemacao.com\/1\/wp-json\/wp\/v2\/posts\/112831\/revisions"}],"predecessor-version":[{"id":112833,"href":"https:\/\/www.caririemacao.com\/1\/wp-json\/wp\/v2\/posts\/112831\/revisions\/112833"}],"wp:featuredmedia":[{"embeddable":true,"href":"https:\/\/www.caririemacao.com\/1\/wp-json\/wp\/v2\/media\/29623"}],"wp:attachment":[{"href":"https:\/\/www.caririemacao.com\/1\/wp-json\/wp\/v2\/media?parent=112831"}],"wp:term":[{"taxonomy":"category","embeddable":true,"href":"https:\/\/www.caririemacao.com\/1\/wp-json\/wp\/v2\/categories?post=112831"},{"taxonomy":"post_tag","embeddable":true,"href":"https:\/\/www.caririemacao.com\/1\/wp-json\/wp\/v2\/tags?post=112831"}],"curies":[{"name":"wp","href":"https:\/\/api.w.org\/{rel}","templated":true}]}}