{"id":112838,"date":"2019-08-30T12:34:48","date_gmt":"2019-08-30T15:34:48","guid":{"rendered":"http:\/\/www.caririemacao.com\/1\/?p=112838"},"modified":"2019-08-30T12:34:48","modified_gmt":"2019-08-30T15:34:48","slug":"prefeito-sandro-moco-empossa-mais-concursados-em-camalau","status":"publish","type":"post","link":"https:\/\/www.caririemacao.com\/1\/2019\/08\/30\/prefeito-sandro-moco-empossa-mais-concursados-em-camalau\/","title":{"rendered":"Prefeito Sandro M\u00f4co empossa mais concursados em Camala\u00fa"},"content":{"rendered":"\n<p>Cumprindo o compromisso de valoriza\u00e7\u00e3o do servi\u00e7o p\u00fablico, o prefeito Sandro M\u00f4co deu posse esta semana, aos \u00faltimos candidatos aprovados no Concurso P\u00fablico realizado em Camala\u00fa em 2015, e que esperavam com grande expectativa a sua convoca\u00e7\u00e3o para realizarem o sonho do emprego.<br>Foram convocados para tomar posse os seguintes concursados:<br>EDENILSON SILVA LIMA;JOSE ERIVANDO BEZERRA DA SILVA;BIANCA EMANUELLE MACIEL DE MELO;MARIA JULIENE NEVES CORREIA;PABLO DAVY SILVA FEITOSA;JOELMA BARBOSA DE LIMA;MARIA JOSE FEITOSA DA SILVA;JOSE MARIO RAGNER MENDES BARBOSA<br>O concurso tinha perdido a vig\u00eancia em 2017, mas o prefeito Sandro M\u00f4co com o intuito de dar a oportunidade que n\u00e3o foi dada pela gest\u00e3o anterior aos aprovados, prorrogou a vig\u00eancia do mesmo por mais 02 anos, possibilitando agora a convoca\u00e7\u00e3o dos novos funcion\u00e1rios p\u00fablicos, que foram recebidos calorosamente pelo gestor em seu gabinete, na ocasi\u00e3o em que os deu as boas vindas e desejou sorte e compromisso no cumprimento de suas fun\u00e7\u00f5es.<br>Os empossados v\u00e3o desempenhar as fun\u00e7\u00f5es de auxiliares de servi\u00e7os gerais e porteiro.<br><strong>F\u00c1BIO BRITO<\/strong><\/p>\n","protected":false},"excerpt":{"rendered":"<p>Cumprindo o compromisso de valoriza\u00e7\u00e3o do servi\u00e7o p\u00fablico, o prefeito Sandro M\u00f4co deu posse esta semana, aos \u00faltimos candidatos aprovados no Concurso P\u00fablico realizado em&hellip; <\/p>\n","protected":false},"author":1,"featured_media":112840,"comment_status":"closed","ping_status":"closed","sticky":false,"template":"","format":"standard","meta":{"sfsi_plus_gutenberg_text_before_share":"","sfsi_plus_gutenberg_show_text_before_share":"","sfsi_plus_gutenberg_icon_type":"","sfsi_plus_gutenberg_icon_alignemt":"","sfsi_plus_gutenburg_max_per_row":"","footnotes":""},"categories":[2],"tags":[],"class_list":["post-112838","post","type-post","status-publish","format-standard","has-post-thumbnail","hentry","category-geral"],"_links":{"self":[{"href":"https:\/\/www.caririemacao.com\/1\/wp-json\/wp\/v2\/posts\/112838","targetHints":{"allow":["GET"]}}],"collection":[{"href":"https:\/\/www.caririemacao.com\/1\/wp-json\/wp\/v2\/posts"}],"about":[{"href":"https:\/\/www.caririemacao.com\/1\/wp-json\/wp\/v2\/types\/post"}],"author":[{"embeddable":true,"href":"https:\/\/www.caririemacao.com\/1\/wp-json\/wp\/v2\/users\/1"}],"replies":[{"embeddable":true,"href":"https:\/\/www.caririemacao.com\/1\/wp-json\/wp\/v2\/comments?post=112838"}],"version-history":[{"count":1,"href":"https:\/\/www.caririemacao.com\/1\/wp-json\/wp\/v2\/posts\/112838\/revisions"}],"predecessor-version":[{"id":112841,"href":"https:\/\/www.caririemacao.com\/1\/wp-json\/wp\/v2\/posts\/112838\/revisions\/112841"}],"wp:featuredmedia":[{"embeddable":true,"href":"https:\/\/www.caririemacao.com\/1\/wp-json\/wp\/v2\/media\/112840"}],"wp:attachment":[{"href":"https:\/\/www.caririemacao.com\/1\/wp-json\/wp\/v2\/media?parent=112838"}],"wp:term":[{"taxonomy":"category","embeddable":true,"href":"https:\/\/www.caririemacao.com\/1\/wp-json\/wp\/v2\/categories?post=112838"},{"taxonomy":"post_tag","embeddable":true,"href":"https:\/\/www.caririemacao.com\/1\/wp-json\/wp\/v2\/tags?post=112838"}],"curies":[{"name":"wp","href":"https:\/\/api.w.org\/{rel}","templated":true}]}}