{"id":112845,"date":"2019-08-30T12:37:47","date_gmt":"2019-08-30T15:37:47","guid":{"rendered":"http:\/\/www.caririemacao.com\/1\/?p=112845"},"modified":"2019-08-30T12:37:47","modified_gmt":"2019-08-30T15:37:47","slug":"prefeitura-de-ouro-velho-inicia-construcao-da-pista-de-caminhada-com-recursos-proprios","status":"publish","type":"post","link":"https:\/\/www.caririemacao.com\/1\/2019\/08\/30\/prefeitura-de-ouro-velho-inicia-construcao-da-pista-de-caminhada-com-recursos-proprios\/","title":{"rendered":"Prefeitura de Ouro Velho inicia constru\u00e7\u00e3o da pista de caminhada com recursos pr\u00f3prios"},"content":{"rendered":"\n<p>Com o objetivo de proporcionar melhor qualidade de vida \u00e0 popula\u00e7\u00e3o, a Prefeitura de Ouro Velho, por meio da Secretaria de Infraestrutura, deu inicio a constru\u00e7\u00e3o de uma pista de caminhada.<\/p>\n\n\n\n<p>A obra que est\u00e1 sendo executada com recursos pr\u00f3prios da Prefeitura, ter\u00e1 extens\u00e3o de de 1 quilometro, no trecho que vai do portal da entrada da cidade, sa\u00edda para S\u00e3o Jos\u00e9 do Egito, at\u00e9 o posto de gasolina.<\/p>\n\n\n\n<p>De acordo com a prefeita de Ouro Velho, Nat\u00e1lia Lira, popularmente conhecida como Nat\u00e1lia de Dr. J\u00fanior, a pista de caminhada vai incentivar a popula\u00e7\u00e3o a praticar atividade f\u00edsica e alcan\u00e7ar uma melhor qualidade de vida.<\/p>\n\n\n\n<p>\u201cEste \u00e9 um investimento de suma import\u00e2ncia para a popula\u00e7\u00e3o, pois a maioria das pessoas que procura os postos de sa\u00fade recebe como recomenda\u00e7\u00e3o m\u00e9dica, a pr\u00e1tica de exerc\u00edcios f\u00edsicos. A caminhada \u00e9 um \u00f3timo exerc\u00edcio e pode ser iniciado a qualquer momento, resultando em importantes benef\u00edcios \u00e0 sa\u00fade, como perda de peso e diminui\u00e7\u00e3o do estresse. \u00c9 um h\u00e1bito que todos devemos seguir, uma vez que trata-se de uma forma de cuidar da nossa sa\u00fade. \u00c9 pensando no bem estar de cada mun\u00edcipe, que elaboramos o projeto e, em breve, entregaremos mais um benef\u00edcio \u00e0 comunidade\u201d, finalizou a prefeita Nat\u00e1lia.<\/p>\n","protected":false},"excerpt":{"rendered":"<p>Com o objetivo de proporcionar melhor qualidade de vida \u00e0 popula\u00e7\u00e3o, a Prefeitura de Ouro Velho, por meio da Secretaria de Infraestrutura, deu inicio a&hellip; <\/p>\n","protected":false},"author":1,"featured_media":112848,"comment_status":"closed","ping_status":"closed","sticky":false,"template":"","format":"standard","meta":{"sfsi_plus_gutenberg_text_before_share":"","sfsi_plus_gutenberg_show_text_before_share":"","sfsi_plus_gutenberg_icon_type":"","sfsi_plus_gutenberg_icon_alignemt":"","sfsi_plus_gutenburg_max_per_row":"","footnotes":""},"categories":[6],"tags":[],"class_list":["post-112845","post","type-post","status-publish","format-standard","has-post-thumbnail","hentry","category-cidades"],"_links":{"self":[{"href":"https:\/\/www.caririemacao.com\/1\/wp-json\/wp\/v2\/posts\/112845","targetHints":{"allow":["GET"]}}],"collection":[{"href":"https:\/\/www.caririemacao.com\/1\/wp-json\/wp\/v2\/posts"}],"about":[{"href":"https:\/\/www.caririemacao.com\/1\/wp-json\/wp\/v2\/types\/post"}],"author":[{"embeddable":true,"href":"https:\/\/www.caririemacao.com\/1\/wp-json\/wp\/v2\/users\/1"}],"replies":[{"embeddable":true,"href":"https:\/\/www.caririemacao.com\/1\/wp-json\/wp\/v2\/comments?post=112845"}],"version-history":[{"count":1,"href":"https:\/\/www.caririemacao.com\/1\/wp-json\/wp\/v2\/posts\/112845\/revisions"}],"predecessor-version":[{"id":112849,"href":"https:\/\/www.caririemacao.com\/1\/wp-json\/wp\/v2\/posts\/112845\/revisions\/112849"}],"wp:featuredmedia":[{"embeddable":true,"href":"https:\/\/www.caririemacao.com\/1\/wp-json\/wp\/v2\/media\/112848"}],"wp:attachment":[{"href":"https:\/\/www.caririemacao.com\/1\/wp-json\/wp\/v2\/media?parent=112845"}],"wp:term":[{"taxonomy":"category","embeddable":true,"href":"https:\/\/www.caririemacao.com\/1\/wp-json\/wp\/v2\/categories?post=112845"},{"taxonomy":"post_tag","embeddable":true,"href":"https:\/\/www.caririemacao.com\/1\/wp-json\/wp\/v2\/tags?post=112845"}],"curies":[{"name":"wp","href":"https:\/\/api.w.org\/{rel}","templated":true}]}}